{"id":896,"date":"2024-01-18T21:11:46","date_gmt":"2024-01-18T21:11:46","guid":{"rendered":"https:\/\/vivre-la-vie.ch\/?p=896"},"modified":"2024-01-30T15:27:05","modified_gmt":"2024-01-30T15:27:05","slug":"en-harmonie-avec-vous-meme-et-votre-propre-monde","status":"publish","type":"post","link":"https:\/\/vivre-la-vie.ch\/fr\/blog\/2024\/01\/18\/en-harmonie-avec-vous-meme-et-votre-propre-monde\/","title":{"rendered":"En harmonie avec vous-m\u00eame et votre propre monde"},"content":{"rendered":"\n<p>En tant que ma\u00eetre Reiki praticienne, je vous propose volontiers un traitement Reiki intuitif sur ma loge sonore. Pratiquer le reiki sur une loge sonore est une exp\u00e9rience merveilleuse qui combine l&rsquo;\u00e9nergie de gu\u00e9rison du reiki avec les sons apaisants de la loge sonore. Le Reiki est une m\u00e9thode de gu\u00e9rison alternative qui repose sur l&rsquo;hypoth\u00e8se que le praticien transmet l&rsquo;\u00e9nergie vitale universelle au corps du receveur par l&rsquo;imposition des mains afin d&rsquo;activer les forces de gu\u00e9rison propres au corps.<\/p>\n\n\n\n<p>Lorsque le reiki est pratiqu\u00e9 sur une loge sonore, les douces vibrations de la logette elle-m\u00eame, des bols chantants et d&rsquo;autres instruments peuvent favoriser la relaxation et le flux d&rsquo;\u00e9nergie pendant le traitement reiki. Les sons peuvent plonger le receveur dans un \u00e9tat m\u00e9ditatif et aider \u00e0 calmer l&rsquo;esprit, ce qui peut renforcer l&rsquo;effet du Reiki.<\/p>\n\n\n\n<p>La combinaison du reiki et de la th\u00e9rapie sonore peut favoriser une relaxation profonde, une r\u00e9duction du stress et un sentiment de paix int\u00e9rieure. De nombreuses personnes rapportent qu&rsquo;apr\u00e8s un traitement Reiki sur une loge sonore, elles ressentent une augmentation du bien-\u00eatre, une am\u00e9lioration de l&rsquo;humeur et un \u00e9quilibre physique et mental g\u00e9n\u00e9ral.<\/p>\n\n\n\n<p>Il est important de noter que le reiki et la th\u00e9rapie sonore sont des m\u00e9thodes de gu\u00e9rison alternatives et ne remplacent pas les traitements m\u00e9dicaux.<\/p>\n","protected":false},"excerpt":{"rendered":"<p>En tant que ma\u00eetre Reiki praticienne, je vous propose volontiers un traitement Reiki intuitif sur ma loge sonore. Pratiquer le reiki sur une loge sonore est une exp\u00e9rience merveilleuse qui combine l&rsquo;\u00e9nergie de gu\u00e9rison du reiki avec les sons apaisants de la loge sonore. Le Reiki est une m\u00e9thode de gu\u00e9rison alternative qui repose sur &hellip; <a href=\"https:\/\/vivre-la-vie.ch\/fr\/blog\/2024\/01\/18\/en-harmonie-avec-vous-meme-et-votre-propre-monde\/\" class=\"more-link\">continuer la lecture <span class=\"screen-reader-text\"> \u00ab\u00a0En harmonie avec vous-m\u00eame et votre propre monde\u00a0\u00bb<\/span><\/a><\/p>\n","protected":false},"author":1,"featured_media":646,"comment_status":"closed","ping_status":"closed","sticky":false,"template":"","format":"standard","meta":{"footnotes":""},"categories":[82,33],"tags":[],"class_list":["post-896","post","type-post","status-publish","format-standard","has-post-thumbnail","hentry","category-francais","category-non-classifiee"],"yoast_head":"<!-- This site is optimized with the Yoast SEO plugin v27.5 - https:\/\/yoast.com\/product\/yoast-seo-wordpress\/ -->\n<title>En harmonie avec vous-m\u00eame et votre propre monde - Lebe Dein Leben %<\/title>\n<meta name=\"description\" content=\"En harmonie avec vous-m\u00eame et votre propre monde Lebe Dein Leben\" \/>\n<meta name=\"robots\" content=\"index, follow, max-snippet:-1, max-image-preview:large, max-video-preview:-1\" \/>\n<link rel=\"canonical\" href=\"https:\/\/vivre-la-vie.ch\/fr\/blog\/2024\/01\/18\/en-harmonie-avec-vous-meme-et-votre-propre-monde\/\" \/>\n<meta property=\"og:locale\" content=\"fr_FR\" \/>\n<meta property=\"og:type\" content=\"article\" \/>\n<meta property=\"og:title\" content=\"En harmonie avec vous-m\u00eame et votre propre monde - Lebe Dein Leben %\" \/>\n<meta property=\"og:description\" content=\"En harmonie avec vous-m\u00eame et votre propre monde Lebe Dein Leben\" \/>\n<meta property=\"og:url\" content=\"https:\/\/vivre-la-vie.ch\/fr\/blog\/2024\/01\/18\/en-harmonie-avec-vous-meme-et-votre-propre-monde\/\" \/>\n<meta property=\"og:site_name\" content=\"Lebe Dein Leben\" \/>\n<meta property=\"article:published_time\" content=\"2024-01-18T21:11:46+00:00\" \/>\n<meta property=\"article:modified_time\" content=\"2024-01-30T15:27:05+00:00\" \/>\n<meta property=\"og:image\" content=\"https:\/\/vivre-la-vie.ch\/wp-content\/uploads\/2024\/01\/massage-6520411_1920.jpg\" \/>\n\t<meta property=\"og:image:width\" content=\"1920\" \/>\n\t<meta property=\"og:image:height\" content=\"1249\" \/>\n\t<meta property=\"og:image:type\" content=\"image\/jpeg\" \/>\n<meta name=\"author\" content=\"waibelMEDIA IT e.U.\" \/>\n<meta name=\"twitter:card\" content=\"summary_large_image\" \/>\n<meta name=\"twitter:label1\" content=\"\u00c9crit par\" \/>\n\t<meta name=\"twitter:data1\" content=\"waibelMEDIA IT e.U.\" \/>\n\t<meta name=\"twitter:label2\" content=\"Dur\u00e9e de lecture estim\u00e9e\" \/>\n\t<meta name=\"twitter:data2\" content=\"1 minute\" \/>\n<script type=\"application\/ld+json\" class=\"yoast-schema-graph\">{\"@context\":\"https:\\\/\\\/schema.org\",\"@graph\":[{\"@type\":\"Article\",\"@id\":\"https:\\\/\\\/vivre-la-vie.ch\\\/fr\\\/blog\\\/2024\\\/01\\\/18\\\/en-harmonie-avec-vous-meme-et-votre-propre-monde\\\/#article\",\"isPartOf\":{\"@id\":\"https:\\\/\\\/vivre-la-vie.ch\\\/fr\\\/blog\\\/2024\\\/01\\\/18\\\/en-harmonie-avec-vous-meme-et-votre-propre-monde\\\/\"},\"author\":{\"name\":\"waibelMEDIA IT e.U.\",\"@id\":\"https:\\\/\\\/vivre-la-vie.ch\\\/fr\\\/#\\\/schema\\\/person\\\/ade62646af3304d6f5bb748b82015ca9\"},\"headline\":\"En harmonie avec vous-m\u00eame et votre propre monde\",\"datePublished\":\"2024-01-18T21:11:46+00:00\",\"dateModified\":\"2024-01-30T15:27:05+00:00\",\"mainEntityOfPage\":{\"@id\":\"https:\\\/\\\/vivre-la-vie.ch\\\/fr\\\/blog\\\/2024\\\/01\\\/18\\\/en-harmonie-avec-vous-meme-et-votre-propre-monde\\\/\"},\"wordCount\":254,\"publisher\":{\"@id\":\"https:\\\/\\\/vivre-la-vie.ch\\\/fr\\\/#organization\"},\"image\":{\"@id\":\"https:\\\/\\\/vivre-la-vie.ch\\\/fr\\\/blog\\\/2024\\\/01\\\/18\\\/en-harmonie-avec-vous-meme-et-votre-propre-monde\\\/#primaryimage\"},\"thumbnailUrl\":\"https:\\\/\\\/vivre-la-vie.ch\\\/wp-content\\\/uploads\\\/2024\\\/01\\\/massage-6520411_1920.jpg\",\"articleSection\":[\"fran\u00e7ais\",\"Non classifi\u00e9(e)\"],\"inLanguage\":\"fr-FR\"},{\"@type\":\"WebPage\",\"@id\":\"https:\\\/\\\/vivre-la-vie.ch\\\/fr\\\/blog\\\/2024\\\/01\\\/18\\\/en-harmonie-avec-vous-meme-et-votre-propre-monde\\\/\",\"url\":\"https:\\\/\\\/vivre-la-vie.ch\\\/fr\\\/blog\\\/2024\\\/01\\\/18\\\/en-harmonie-avec-vous-meme-et-votre-propre-monde\\\/\",\"name\":\"En harmonie avec vous-m\u00eame et votre propre monde - Lebe Dein Leben %\",\"isPartOf\":{\"@id\":\"https:\\\/\\\/vivre-la-vie.ch\\\/fr\\\/#website\"},\"primaryImageOfPage\":{\"@id\":\"https:\\\/\\\/vivre-la-vie.ch\\\/fr\\\/blog\\\/2024\\\/01\\\/18\\\/en-harmonie-avec-vous-meme-et-votre-propre-monde\\\/#primaryimage\"},\"image\":{\"@id\":\"https:\\\/\\\/vivre-la-vie.ch\\\/fr\\\/blog\\\/2024\\\/01\\\/18\\\/en-harmonie-avec-vous-meme-et-votre-propre-monde\\\/#primaryimage\"},\"thumbnailUrl\":\"https:\\\/\\\/vivre-la-vie.ch\\\/wp-content\\\/uploads\\\/2024\\\/01\\\/massage-6520411_1920.jpg\",\"datePublished\":\"2024-01-18T21:11:46+00:00\",\"dateModified\":\"2024-01-30T15:27:05+00:00\",\"description\":\"En harmonie avec vous-m\u00eame et votre propre monde Lebe Dein Leben\",\"breadcrumb\":{\"@id\":\"https:\\\/\\\/vivre-la-vie.ch\\\/fr\\\/blog\\\/2024\\\/01\\\/18\\\/en-harmonie-avec-vous-meme-et-votre-propre-monde\\\/#breadcrumb\"},\"inLanguage\":\"fr-FR\",\"potentialAction\":[{\"@type\":\"ReadAction\",\"target\":[\"https:\\\/\\\/vivre-la-vie.ch\\\/fr\\\/blog\\\/2024\\\/01\\\/18\\\/en-harmonie-avec-vous-meme-et-votre-propre-monde\\\/\"]}]},{\"@type\":\"ImageObject\",\"inLanguage\":\"fr-FR\",\"@id\":\"https:\\\/\\\/vivre-la-vie.ch\\\/fr\\\/blog\\\/2024\\\/01\\\/18\\\/en-harmonie-avec-vous-meme-et-votre-propre-monde\\\/#primaryimage\",\"url\":\"https:\\\/\\\/vivre-la-vie.ch\\\/wp-content\\\/uploads\\\/2024\\\/01\\\/massage-6520411_1920.jpg\",\"contentUrl\":\"https:\\\/\\\/vivre-la-vie.ch\\\/wp-content\\\/uploads\\\/2024\\\/01\\\/massage-6520411_1920.jpg\",\"width\":1920,\"height\":1249},{\"@type\":\"BreadcrumbList\",\"@id\":\"https:\\\/\\\/vivre-la-vie.ch\\\/fr\\\/blog\\\/2024\\\/01\\\/18\\\/en-harmonie-avec-vous-meme-et-votre-propre-monde\\\/#breadcrumb\",\"itemListElement\":[{\"@type\":\"ListItem\",\"position\":1,\"name\":\"Startseite\",\"item\":\"https:\\\/\\\/vivre-la-vie.ch\\\/fr\\\/\"},{\"@type\":\"ListItem\",\"position\":2,\"name\":\"En harmonie avec vous-m\u00eame et votre propre monde\"}]},{\"@type\":\"WebSite\",\"@id\":\"https:\\\/\\\/vivre-la-vie.ch\\\/fr\\\/#website\",\"url\":\"https:\\\/\\\/vivre-la-vie.ch\\\/fr\\\/\",\"name\":\"Lebe Dein Leben\",\"description\":\"\",\"publisher\":{\"@id\":\"https:\\\/\\\/vivre-la-vie.ch\\\/fr\\\/#organization\"},\"potentialAction\":[{\"@type\":\"SearchAction\",\"target\":{\"@type\":\"EntryPoint\",\"urlTemplate\":\"https:\\\/\\\/vivre-la-vie.ch\\\/fr\\\/?s={search_term_string}\"},\"query-input\":{\"@type\":\"PropertyValueSpecification\",\"valueRequired\":true,\"valueName\":\"search_term_string\"}}],\"inLanguage\":\"fr-FR\"},{\"@type\":\"Organization\",\"@id\":\"https:\\\/\\\/vivre-la-vie.ch\\\/fr\\\/#organization\",\"name\":\"Lebe Dein Leben\",\"url\":\"https:\\\/\\\/vivre-la-vie.ch\\\/fr\\\/\",\"logo\":{\"@type\":\"ImageObject\",\"inLanguage\":\"fr-FR\",\"@id\":\"https:\\\/\\\/vivre-la-vie.ch\\\/fr\\\/#\\\/schema\\\/logo\\\/image\\\/\",\"url\":\"https:\\\/\\\/vivre-la-vie.ch\\\/wp-content\\\/uploads\\\/2023\\\/05\\\/LOGO_gefaerbt.png\",\"contentUrl\":\"https:\\\/\\\/vivre-la-vie.ch\\\/wp-content\\\/uploads\\\/2023\\\/05\\\/LOGO_gefaerbt.png\",\"width\":2745,\"height\":738,\"caption\":\"Lebe Dein Leben\"},\"image\":{\"@id\":\"https:\\\/\\\/vivre-la-vie.ch\\\/fr\\\/#\\\/schema\\\/logo\\\/image\\\/\"}},{\"@type\":\"Person\",\"@id\":\"https:\\\/\\\/vivre-la-vie.ch\\\/fr\\\/#\\\/schema\\\/person\\\/ade62646af3304d6f5bb748b82015ca9\",\"name\":\"waibelMEDIA IT e.U.\",\"image\":{\"@type\":\"ImageObject\",\"inLanguage\":\"fr-FR\",\"@id\":\"https:\\\/\\\/secure.gravatar.com\\\/avatar\\\/4c28737e266eed84fe069c0e527e538b3b39204eca344155eeb1c8549e1138a3?s=96&d=mm&r=g\",\"url\":\"https:\\\/\\\/secure.gravatar.com\\\/avatar\\\/4c28737e266eed84fe069c0e527e538b3b39204eca344155eeb1c8549e1138a3?s=96&d=mm&r=g\",\"contentUrl\":\"https:\\\/\\\/secure.gravatar.com\\\/avatar\\\/4c28737e266eed84fe069c0e527e538b3b39204eca344155eeb1c8549e1138a3?s=96&d=mm&r=g\",\"caption\":\"waibelMEDIA IT e.U.\"},\"sameAs\":[\"https:\\\/\\\/vivre-la-vie.ch\"],\"url\":\"https:\\\/\\\/vivre-la-vie.ch\\\/fr\\\/blog\\\/author\\\/eglirolf_38z3g0s1\\\/\"}]}<\/script>\n<!-- \/ Yoast SEO plugin. -->","yoast_head_json":{"title":"En harmonie avec vous-m\u00eame et votre propre monde - Lebe Dein Leben %","description":"En harmonie avec vous-m\u00eame et votre propre monde Lebe Dein Leben","robots":{"index":"index","follow":"follow","max-snippet":"max-snippet:-1","max-image-preview":"max-image-preview:large","max-video-preview":"max-video-preview:-1"},"canonical":"https:\/\/vivre-la-vie.ch\/fr\/blog\/2024\/01\/18\/en-harmonie-avec-vous-meme-et-votre-propre-monde\/","og_locale":"fr_FR","og_type":"article","og_title":"En harmonie avec vous-m\u00eame et votre propre monde - Lebe Dein Leben %","og_description":"En harmonie avec vous-m\u00eame et votre propre monde Lebe Dein Leben","og_url":"https:\/\/vivre-la-vie.ch\/fr\/blog\/2024\/01\/18\/en-harmonie-avec-vous-meme-et-votre-propre-monde\/","og_site_name":"Lebe Dein Leben","article_published_time":"2024-01-18T21:11:46+00:00","article_modified_time":"2024-01-30T15:27:05+00:00","og_image":[{"width":1920,"height":1249,"url":"https:\/\/vivre-la-vie.ch\/wp-content\/uploads\/2024\/01\/massage-6520411_1920.jpg","type":"image\/jpeg"}],"author":"waibelMEDIA IT e.U.","twitter_card":"summary_large_image","twitter_misc":{"\u00c9crit par":"waibelMEDIA IT e.U.","Dur\u00e9e de lecture estim\u00e9e":"1 minute"},"schema":{"@context":"https:\/\/schema.org","@graph":[{"@type":"Article","@id":"https:\/\/vivre-la-vie.ch\/fr\/blog\/2024\/01\/18\/en-harmonie-avec-vous-meme-et-votre-propre-monde\/#article","isPartOf":{"@id":"https:\/\/vivre-la-vie.ch\/fr\/blog\/2024\/01\/18\/en-harmonie-avec-vous-meme-et-votre-propre-monde\/"},"author":{"name":"waibelMEDIA IT e.U.","@id":"https:\/\/vivre-la-vie.ch\/fr\/#\/schema\/person\/ade62646af3304d6f5bb748b82015ca9"},"headline":"En harmonie avec vous-m\u00eame et votre propre monde","datePublished":"2024-01-18T21:11:46+00:00","dateModified":"2024-01-30T15:27:05+00:00","mainEntityOfPage":{"@id":"https:\/\/vivre-la-vie.ch\/fr\/blog\/2024\/01\/18\/en-harmonie-avec-vous-meme-et-votre-propre-monde\/"},"wordCount":254,"publisher":{"@id":"https:\/\/vivre-la-vie.ch\/fr\/#organization"},"image":{"@id":"https:\/\/vivre-la-vie.ch\/fr\/blog\/2024\/01\/18\/en-harmonie-avec-vous-meme-et-votre-propre-monde\/#primaryimage"},"thumbnailUrl":"https:\/\/vivre-la-vie.ch\/wp-content\/uploads\/2024\/01\/massage-6520411_1920.jpg","articleSection":["fran\u00e7ais","Non classifi\u00e9(e)"],"inLanguage":"fr-FR"},{"@type":"WebPage","@id":"https:\/\/vivre-la-vie.ch\/fr\/blog\/2024\/01\/18\/en-harmonie-avec-vous-meme-et-votre-propre-monde\/","url":"https:\/\/vivre-la-vie.ch\/fr\/blog\/2024\/01\/18\/en-harmonie-avec-vous-meme-et-votre-propre-monde\/","name":"En harmonie avec vous-m\u00eame et votre propre monde - Lebe Dein Leben %","isPartOf":{"@id":"https:\/\/vivre-la-vie.ch\/fr\/#website"},"primaryImageOfPage":{"@id":"https:\/\/vivre-la-vie.ch\/fr\/blog\/2024\/01\/18\/en-harmonie-avec-vous-meme-et-votre-propre-monde\/#primaryimage"},"image":{"@id":"https:\/\/vivre-la-vie.ch\/fr\/blog\/2024\/01\/18\/en-harmonie-avec-vous-meme-et-votre-propre-monde\/#primaryimage"},"thumbnailUrl":"https:\/\/vivre-la-vie.ch\/wp-content\/uploads\/2024\/01\/massage-6520411_1920.jpg","datePublished":"2024-01-18T21:11:46+00:00","dateModified":"2024-01-30T15:27:05+00:00","description":"En harmonie avec vous-m\u00eame et votre propre monde Lebe Dein Leben","breadcrumb":{"@id":"https:\/\/vivre-la-vie.ch\/fr\/blog\/2024\/01\/18\/en-harmonie-avec-vous-meme-et-votre-propre-monde\/#breadcrumb"},"inLanguage":"fr-FR","potentialAction":[{"@type":"ReadAction","target":["https:\/\/vivre-la-vie.ch\/fr\/blog\/2024\/01\/18\/en-harmonie-avec-vous-meme-et-votre-propre-monde\/"]}]},{"@type":"ImageObject","inLanguage":"fr-FR","@id":"https:\/\/vivre-la-vie.ch\/fr\/blog\/2024\/01\/18\/en-harmonie-avec-vous-meme-et-votre-propre-monde\/#primaryimage","url":"https:\/\/vivre-la-vie.ch\/wp-content\/uploads\/2024\/01\/massage-6520411_1920.jpg","contentUrl":"https:\/\/vivre-la-vie.ch\/wp-content\/uploads\/2024\/01\/massage-6520411_1920.jpg","width":1920,"height":1249},{"@type":"BreadcrumbList","@id":"https:\/\/vivre-la-vie.ch\/fr\/blog\/2024\/01\/18\/en-harmonie-avec-vous-meme-et-votre-propre-monde\/#breadcrumb","itemListElement":[{"@type":"ListItem","position":1,"name":"Startseite","item":"https:\/\/vivre-la-vie.ch\/fr\/"},{"@type":"ListItem","position":2,"name":"En harmonie avec vous-m\u00eame et votre propre monde"}]},{"@type":"WebSite","@id":"https:\/\/vivre-la-vie.ch\/fr\/#website","url":"https:\/\/vivre-la-vie.ch\/fr\/","name":"Lebe Dein Leben","description":"","publisher":{"@id":"https:\/\/vivre-la-vie.ch\/fr\/#organization"},"potentialAction":[{"@type":"SearchAction","target":{"@type":"EntryPoint","urlTemplate":"https:\/\/vivre-la-vie.ch\/fr\/?s={search_term_string}"},"query-input":{"@type":"PropertyValueSpecification","valueRequired":true,"valueName":"search_term_string"}}],"inLanguage":"fr-FR"},{"@type":"Organization","@id":"https:\/\/vivre-la-vie.ch\/fr\/#organization","name":"Lebe Dein Leben","url":"https:\/\/vivre-la-vie.ch\/fr\/","logo":{"@type":"ImageObject","inLanguage":"fr-FR","@id":"https:\/\/vivre-la-vie.ch\/fr\/#\/schema\/logo\/image\/","url":"https:\/\/vivre-la-vie.ch\/wp-content\/uploads\/2023\/05\/LOGO_gefaerbt.png","contentUrl":"https:\/\/vivre-la-vie.ch\/wp-content\/uploads\/2023\/05\/LOGO_gefaerbt.png","width":2745,"height":738,"caption":"Lebe Dein Leben"},"image":{"@id":"https:\/\/vivre-la-vie.ch\/fr\/#\/schema\/logo\/image\/"}},{"@type":"Person","@id":"https:\/\/vivre-la-vie.ch\/fr\/#\/schema\/person\/ade62646af3304d6f5bb748b82015ca9","name":"waibelMEDIA IT e.U.","image":{"@type":"ImageObject","inLanguage":"fr-FR","@id":"https:\/\/secure.gravatar.com\/avatar\/4c28737e266eed84fe069c0e527e538b3b39204eca344155eeb1c8549e1138a3?s=96&d=mm&r=g","url":"https:\/\/secure.gravatar.com\/avatar\/4c28737e266eed84fe069c0e527e538b3b39204eca344155eeb1c8549e1138a3?s=96&d=mm&r=g","contentUrl":"https:\/\/secure.gravatar.com\/avatar\/4c28737e266eed84fe069c0e527e538b3b39204eca344155eeb1c8549e1138a3?s=96&d=mm&r=g","caption":"waibelMEDIA IT e.U."},"sameAs":["https:\/\/vivre-la-vie.ch"],"url":"https:\/\/vivre-la-vie.ch\/fr\/blog\/author\/eglirolf_38z3g0s1\/"}]}},"_links":{"self":[{"href":"https:\/\/vivre-la-vie.ch\/fr\/wp-json\/wp\/v2\/posts\/896","targetHints":{"allow":["GET"]}}],"collection":[{"href":"https:\/\/vivre-la-vie.ch\/fr\/wp-json\/wp\/v2\/posts"}],"about":[{"href":"https:\/\/vivre-la-vie.ch\/fr\/wp-json\/wp\/v2\/types\/post"}],"author":[{"embeddable":true,"href":"https:\/\/vivre-la-vie.ch\/fr\/wp-json\/wp\/v2\/users\/1"}],"replies":[{"embeddable":true,"href":"https:\/\/vivre-la-vie.ch\/fr\/wp-json\/wp\/v2\/comments?post=896"}],"version-history":[{"count":3,"href":"https:\/\/vivre-la-vie.ch\/fr\/wp-json\/wp\/v2\/posts\/896\/revisions"}],"predecessor-version":[{"id":1092,"href":"https:\/\/vivre-la-vie.ch\/fr\/wp-json\/wp\/v2\/posts\/896\/revisions\/1092"}],"wp:featuredmedia":[{"embeddable":true,"href":"https:\/\/vivre-la-vie.ch\/fr\/wp-json\/wp\/v2\/media\/646"}],"wp:attachment":[{"href":"https:\/\/vivre-la-vie.ch\/fr\/wp-json\/wp\/v2\/media?parent=896"}],"wp:term":[{"taxonomy":"category","embeddable":true,"href":"https:\/\/vivre-la-vie.ch\/fr\/wp-json\/wp\/v2\/categories?post=896"},{"taxonomy":"post_tag","embeddable":true,"href":"https:\/\/vivre-la-vie.ch\/fr\/wp-json\/wp\/v2\/tags?post=896"}],"curies":[{"name":"wp","href":"https:\/\/api.w.org\/{rel}","templated":true}]}}