{"id":907,"date":"2024-01-09T11:22:26","date_gmt":"2024-01-09T11:22:26","guid":{"rendered":"https:\/\/vivre-la-vie.ch\/?p=907"},"modified":"2024-01-30T15:31:57","modified_gmt":"2024-01-30T15:31:57","slug":"vivre-en-equilibre-et-en-harmonie","status":"publish","type":"post","link":"https:\/\/vivre-la-vie.ch\/fr\/blog\/2024\/01\/09\/vivre-en-equilibre-et-en-harmonie\/","title":{"rendered":"Vivre en \u00e9quilibre et en harmonie"},"content":{"rendered":"\n<p>De nos jours, il est tr\u00e8s important que nous soyons en \u00e9quilibre et en harmonie int\u00e9rieure. L&rsquo;harmonie du corps et de l&rsquo;esprit jouent un r\u00f4le important \u00e0 cet \u00e9gard. C&rsquo;est pourquoi nous offrons \u00e0 nos h\u00f4tes la possibilit\u00e9 d&rsquo;utiliser notre fauteuil de massage BrainLight-Shiatsu comme technologie de soutien pour la d\u00e9tente profonde, la cr\u00e9ation de force et comme station de recharge \u00e9nerg\u00e9tique pour plus de performance au quotidien. Le fauteuil de massage BrainLight-Shiatsu est un fauteuil de massage sp\u00e9cial qui combine les techniques du shiatsu, une m\u00e9thode de massage traditionnelle japonaise, avec la technologie moderne et les techniques de relaxation. Le fauteuil est con\u00e7u pour offrir une exp\u00e9rience de relaxation globale qui s&rsquo;adresse au corps, \u00e0 l&rsquo;esprit et \u00e0 l&rsquo;\u00e2me.<\/p>\n\n\n\n<p>Le fauteuil de massage Shiatsu BrainLight offre une multitude de fonctions de massage visant \u00e0 soulager les tensions musculaires, \u00e0 am\u00e9liorer la circulation sanguine et \u00e0 r\u00e9duire le stress. Ces fonctions peuvent inclure une combinaison de massage shiatsu, de massage par roulement, de massage par tapotement, de massage par p\u00e9trissage et de massage par pression d&rsquo;air, qui peuvent cibler diff\u00e9rentes zones du corps, comme la nuque, les \u00e9paules, le dos, les bras et les jambes.<\/p>\n\n\n\n<p>En plus de la fonction de massage, le fauteuil de massage Shiatsu BrainLight propose \u00e9galement des techniques de relaxation telles que des exercices de respiration, de m\u00e9ditation et des effets sonores et lumineux apaisants pour approfondir la d\u00e9tente et cr\u00e9er une exp\u00e9rience int\u00e9grale.<\/p>\n\n\n\n<p>La combinaison du massage shiatsu et des techniques de relaxation peut contribuer \u00e0 r\u00e9duire le stress, \u00e0 favoriser la d\u00e9tente physique et mentale et \u00e0 am\u00e9liorer le bien-\u00eatre g\u00e9n\u00e9ral.<\/p>\n","protected":false},"excerpt":{"rendered":"<p>De nos jours, il est tr\u00e8s important que nous soyons en \u00e9quilibre et en harmonie int\u00e9rieure. L&rsquo;harmonie du corps et de l&rsquo;esprit jouent un r\u00f4le important \u00e0 cet \u00e9gard. C&rsquo;est pourquoi nous offrons \u00e0 nos h\u00f4tes la possibilit\u00e9 d&rsquo;utiliser notre fauteuil de massage BrainLight-Shiatsu comme technologie de soutien pour la d\u00e9tente profonde, la cr\u00e9ation de &hellip; <a href=\"https:\/\/vivre-la-vie.ch\/fr\/blog\/2024\/01\/09\/vivre-en-equilibre-et-en-harmonie\/\" class=\"more-link\">continuer la lecture <span class=\"screen-reader-text\"> \u00ab\u00a0Vivre en \u00e9quilibre et en harmonie\u00a0\u00bb<\/span><\/a><\/p>\n","protected":false},"author":1,"featured_media":241,"comment_status":"closed","ping_status":"closed","sticky":false,"template":"","format":"standard","meta":{"footnotes":""},"categories":[82,33],"tags":[],"class_list":["post-907","post","type-post","status-publish","format-standard","has-post-thumbnail","hentry","category-francais","category-non-classifiee"],"yoast_head":"<!-- This site is optimized with the Yoast SEO plugin v27.5 - https:\/\/yoast.com\/product\/yoast-seo-wordpress\/ -->\n<title>Vivre en \u00e9quilibre et en harmonie - Lebe Dein Leben %<\/title>\n<meta name=\"description\" content=\"Vivre en \u00e9quilibre et en harmonie Lebe Dein Leben\" \/>\n<meta name=\"robots\" content=\"index, follow, max-snippet:-1, max-image-preview:large, max-video-preview:-1\" \/>\n<link rel=\"canonical\" href=\"https:\/\/vivre-la-vie.ch\/fr\/blog\/2024\/01\/09\/vivre-en-equilibre-et-en-harmonie\/\" \/>\n<meta property=\"og:locale\" content=\"fr_FR\" \/>\n<meta property=\"og:type\" content=\"article\" \/>\n<meta property=\"og:title\" content=\"Vivre en \u00e9quilibre et en harmonie - Lebe Dein Leben %\" \/>\n<meta property=\"og:description\" content=\"Vivre en \u00e9quilibre et en harmonie Lebe Dein Leben\" \/>\n<meta property=\"og:url\" content=\"https:\/\/vivre-la-vie.ch\/fr\/blog\/2024\/01\/09\/vivre-en-equilibre-et-en-harmonie\/\" \/>\n<meta property=\"og:site_name\" content=\"Lebe Dein Leben\" \/>\n<meta property=\"article:published_time\" content=\"2024-01-09T11:22:26+00:00\" \/>\n<meta property=\"article:modified_time\" content=\"2024-01-30T15:31:57+00:00\" \/>\n<meta property=\"og:image\" content=\"https:\/\/vivre-la-vie.ch\/wp-content\/uploads\/2023\/05\/waterfall-91654_1280.jpg\" \/>\n\t<meta property=\"og:image:width\" content=\"1044\" \/>\n\t<meta property=\"og:image:height\" content=\"1280\" \/>\n\t<meta property=\"og:image:type\" content=\"image\/jpeg\" \/>\n<meta name=\"author\" content=\"waibelMEDIA IT e.U.\" \/>\n<meta name=\"twitter:card\" content=\"summary_large_image\" \/>\n<meta name=\"twitter:label1\" content=\"\u00c9crit par\" \/>\n\t<meta name=\"twitter:data1\" content=\"waibelMEDIA IT e.U.\" \/>\n\t<meta name=\"twitter:label2\" content=\"Dur\u00e9e de lecture estim\u00e9e\" \/>\n\t<meta name=\"twitter:data2\" content=\"1 minute\" \/>\n<script type=\"application\/ld+json\" class=\"yoast-schema-graph\">{\"@context\":\"https:\\\/\\\/schema.org\",\"@graph\":[{\"@type\":\"Article\",\"@id\":\"https:\\\/\\\/vivre-la-vie.ch\\\/fr\\\/blog\\\/2024\\\/01\\\/09\\\/vivre-en-equilibre-et-en-harmonie\\\/#article\",\"isPartOf\":{\"@id\":\"https:\\\/\\\/vivre-la-vie.ch\\\/fr\\\/blog\\\/2024\\\/01\\\/09\\\/vivre-en-equilibre-et-en-harmonie\\\/\"},\"author\":{\"name\":\"waibelMEDIA IT e.U.\",\"@id\":\"https:\\\/\\\/vivre-la-vie.ch\\\/fr\\\/#\\\/schema\\\/person\\\/ade62646af3304d6f5bb748b82015ca9\"},\"headline\":\"Vivre en \u00e9quilibre et en harmonie\",\"datePublished\":\"2024-01-09T11:22:26+00:00\",\"dateModified\":\"2024-01-30T15:31:57+00:00\",\"mainEntityOfPage\":{\"@id\":\"https:\\\/\\\/vivre-la-vie.ch\\\/fr\\\/blog\\\/2024\\\/01\\\/09\\\/vivre-en-equilibre-et-en-harmonie\\\/\"},\"wordCount\":297,\"publisher\":{\"@id\":\"https:\\\/\\\/vivre-la-vie.ch\\\/fr\\\/#organization\"},\"image\":{\"@id\":\"https:\\\/\\\/vivre-la-vie.ch\\\/fr\\\/blog\\\/2024\\\/01\\\/09\\\/vivre-en-equilibre-et-en-harmonie\\\/#primaryimage\"},\"thumbnailUrl\":\"https:\\\/\\\/vivre-la-vie.ch\\\/wp-content\\\/uploads\\\/2023\\\/05\\\/waterfall-91654_1280.jpg\",\"articleSection\":[\"fran\u00e7ais\",\"Non classifi\u00e9(e)\"],\"inLanguage\":\"fr-FR\"},{\"@type\":\"WebPage\",\"@id\":\"https:\\\/\\\/vivre-la-vie.ch\\\/fr\\\/blog\\\/2024\\\/01\\\/09\\\/vivre-en-equilibre-et-en-harmonie\\\/\",\"url\":\"https:\\\/\\\/vivre-la-vie.ch\\\/fr\\\/blog\\\/2024\\\/01\\\/09\\\/vivre-en-equilibre-et-en-harmonie\\\/\",\"name\":\"Vivre en \u00e9quilibre et en harmonie - Lebe Dein Leben %\",\"isPartOf\":{\"@id\":\"https:\\\/\\\/vivre-la-vie.ch\\\/fr\\\/#website\"},\"primaryImageOfPage\":{\"@id\":\"https:\\\/\\\/vivre-la-vie.ch\\\/fr\\\/blog\\\/2024\\\/01\\\/09\\\/vivre-en-equilibre-et-en-harmonie\\\/#primaryimage\"},\"image\":{\"@id\":\"https:\\\/\\\/vivre-la-vie.ch\\\/fr\\\/blog\\\/2024\\\/01\\\/09\\\/vivre-en-equilibre-et-en-harmonie\\\/#primaryimage\"},\"thumbnailUrl\":\"https:\\\/\\\/vivre-la-vie.ch\\\/wp-content\\\/uploads\\\/2023\\\/05\\\/waterfall-91654_1280.jpg\",\"datePublished\":\"2024-01-09T11:22:26+00:00\",\"dateModified\":\"2024-01-30T15:31:57+00:00\",\"description\":\"Vivre en \u00e9quilibre et en harmonie Lebe Dein Leben\",\"breadcrumb\":{\"@id\":\"https:\\\/\\\/vivre-la-vie.ch\\\/fr\\\/blog\\\/2024\\\/01\\\/09\\\/vivre-en-equilibre-et-en-harmonie\\\/#breadcrumb\"},\"inLanguage\":\"fr-FR\",\"potentialAction\":[{\"@type\":\"ReadAction\",\"target\":[\"https:\\\/\\\/vivre-la-vie.ch\\\/fr\\\/blog\\\/2024\\\/01\\\/09\\\/vivre-en-equilibre-et-en-harmonie\\\/\"]}]},{\"@type\":\"ImageObject\",\"inLanguage\":\"fr-FR\",\"@id\":\"https:\\\/\\\/vivre-la-vie.ch\\\/fr\\\/blog\\\/2024\\\/01\\\/09\\\/vivre-en-equilibre-et-en-harmonie\\\/#primaryimage\",\"url\":\"https:\\\/\\\/vivre-la-vie.ch\\\/wp-content\\\/uploads\\\/2023\\\/05\\\/waterfall-91654_1280.jpg\",\"contentUrl\":\"https:\\\/\\\/vivre-la-vie.ch\\\/wp-content\\\/uploads\\\/2023\\\/05\\\/waterfall-91654_1280.jpg\",\"width\":1044,\"height\":1280},{\"@type\":\"BreadcrumbList\",\"@id\":\"https:\\\/\\\/vivre-la-vie.ch\\\/fr\\\/blog\\\/2024\\\/01\\\/09\\\/vivre-en-equilibre-et-en-harmonie\\\/#breadcrumb\",\"itemListElement\":[{\"@type\":\"ListItem\",\"position\":1,\"name\":\"Startseite\",\"item\":\"https:\\\/\\\/vivre-la-vie.ch\\\/fr\\\/\"},{\"@type\":\"ListItem\",\"position\":2,\"name\":\"Vivre en \u00e9quilibre et en harmonie\"}]},{\"@type\":\"WebSite\",\"@id\":\"https:\\\/\\\/vivre-la-vie.ch\\\/fr\\\/#website\",\"url\":\"https:\\\/\\\/vivre-la-vie.ch\\\/fr\\\/\",\"name\":\"Lebe Dein Leben\",\"description\":\"\",\"publisher\":{\"@id\":\"https:\\\/\\\/vivre-la-vie.ch\\\/fr\\\/#organization\"},\"potentialAction\":[{\"@type\":\"SearchAction\",\"target\":{\"@type\":\"EntryPoint\",\"urlTemplate\":\"https:\\\/\\\/vivre-la-vie.ch\\\/fr\\\/?s={search_term_string}\"},\"query-input\":{\"@type\":\"PropertyValueSpecification\",\"valueRequired\":true,\"valueName\":\"search_term_string\"}}],\"inLanguage\":\"fr-FR\"},{\"@type\":\"Organization\",\"@id\":\"https:\\\/\\\/vivre-la-vie.ch\\\/fr\\\/#organization\",\"name\":\"Lebe Dein Leben\",\"url\":\"https:\\\/\\\/vivre-la-vie.ch\\\/fr\\\/\",\"logo\":{\"@type\":\"ImageObject\",\"inLanguage\":\"fr-FR\",\"@id\":\"https:\\\/\\\/vivre-la-vie.ch\\\/fr\\\/#\\\/schema\\\/logo\\\/image\\\/\",\"url\":\"https:\\\/\\\/vivre-la-vie.ch\\\/wp-content\\\/uploads\\\/2023\\\/05\\\/LOGO_gefaerbt.png\",\"contentUrl\":\"https:\\\/\\\/vivre-la-vie.ch\\\/wp-content\\\/uploads\\\/2023\\\/05\\\/LOGO_gefaerbt.png\",\"width\":2745,\"height\":738,\"caption\":\"Lebe Dein Leben\"},\"image\":{\"@id\":\"https:\\\/\\\/vivre-la-vie.ch\\\/fr\\\/#\\\/schema\\\/logo\\\/image\\\/\"}},{\"@type\":\"Person\",\"@id\":\"https:\\\/\\\/vivre-la-vie.ch\\\/fr\\\/#\\\/schema\\\/person\\\/ade62646af3304d6f5bb748b82015ca9\",\"name\":\"waibelMEDIA IT e.U.\",\"image\":{\"@type\":\"ImageObject\",\"inLanguage\":\"fr-FR\",\"@id\":\"https:\\\/\\\/secure.gravatar.com\\\/avatar\\\/4c28737e266eed84fe069c0e527e538b3b39204eca344155eeb1c8549e1138a3?s=96&d=mm&r=g\",\"url\":\"https:\\\/\\\/secure.gravatar.com\\\/avatar\\\/4c28737e266eed84fe069c0e527e538b3b39204eca344155eeb1c8549e1138a3?s=96&d=mm&r=g\",\"contentUrl\":\"https:\\\/\\\/secure.gravatar.com\\\/avatar\\\/4c28737e266eed84fe069c0e527e538b3b39204eca344155eeb1c8549e1138a3?s=96&d=mm&r=g\",\"caption\":\"waibelMEDIA IT e.U.\"},\"sameAs\":[\"https:\\\/\\\/vivre-la-vie.ch\"],\"url\":\"https:\\\/\\\/vivre-la-vie.ch\\\/fr\\\/blog\\\/author\\\/eglirolf_38z3g0s1\\\/\"}]}<\/script>\n<!-- \/ Yoast SEO plugin. -->","yoast_head_json":{"title":"Vivre en \u00e9quilibre et en harmonie - Lebe Dein Leben %","description":"Vivre en \u00e9quilibre et en harmonie Lebe Dein Leben","robots":{"index":"index","follow":"follow","max-snippet":"max-snippet:-1","max-image-preview":"max-image-preview:large","max-video-preview":"max-video-preview:-1"},"canonical":"https:\/\/vivre-la-vie.ch\/fr\/blog\/2024\/01\/09\/vivre-en-equilibre-et-en-harmonie\/","og_locale":"fr_FR","og_type":"article","og_title":"Vivre en \u00e9quilibre et en harmonie - Lebe Dein Leben %","og_description":"Vivre en \u00e9quilibre et en harmonie Lebe Dein Leben","og_url":"https:\/\/vivre-la-vie.ch\/fr\/blog\/2024\/01\/09\/vivre-en-equilibre-et-en-harmonie\/","og_site_name":"Lebe Dein Leben","article_published_time":"2024-01-09T11:22:26+00:00","article_modified_time":"2024-01-30T15:31:57+00:00","og_image":[{"width":1044,"height":1280,"url":"https:\/\/vivre-la-vie.ch\/wp-content\/uploads\/2023\/05\/waterfall-91654_1280.jpg","type":"image\/jpeg"}],"author":"waibelMEDIA IT e.U.","twitter_card":"summary_large_image","twitter_misc":{"\u00c9crit par":"waibelMEDIA IT e.U.","Dur\u00e9e de lecture estim\u00e9e":"1 minute"},"schema":{"@context":"https:\/\/schema.org","@graph":[{"@type":"Article","@id":"https:\/\/vivre-la-vie.ch\/fr\/blog\/2024\/01\/09\/vivre-en-equilibre-et-en-harmonie\/#article","isPartOf":{"@id":"https:\/\/vivre-la-vie.ch\/fr\/blog\/2024\/01\/09\/vivre-en-equilibre-et-en-harmonie\/"},"author":{"name":"waibelMEDIA IT e.U.","@id":"https:\/\/vivre-la-vie.ch\/fr\/#\/schema\/person\/ade62646af3304d6f5bb748b82015ca9"},"headline":"Vivre en \u00e9quilibre et en harmonie","datePublished":"2024-01-09T11:22:26+00:00","dateModified":"2024-01-30T15:31:57+00:00","mainEntityOfPage":{"@id":"https:\/\/vivre-la-vie.ch\/fr\/blog\/2024\/01\/09\/vivre-en-equilibre-et-en-harmonie\/"},"wordCount":297,"publisher":{"@id":"https:\/\/vivre-la-vie.ch\/fr\/#organization"},"image":{"@id":"https:\/\/vivre-la-vie.ch\/fr\/blog\/2024\/01\/09\/vivre-en-equilibre-et-en-harmonie\/#primaryimage"},"thumbnailUrl":"https:\/\/vivre-la-vie.ch\/wp-content\/uploads\/2023\/05\/waterfall-91654_1280.jpg","articleSection":["fran\u00e7ais","Non classifi\u00e9(e)"],"inLanguage":"fr-FR"},{"@type":"WebPage","@id":"https:\/\/vivre-la-vie.ch\/fr\/blog\/2024\/01\/09\/vivre-en-equilibre-et-en-harmonie\/","url":"https:\/\/vivre-la-vie.ch\/fr\/blog\/2024\/01\/09\/vivre-en-equilibre-et-en-harmonie\/","name":"Vivre en \u00e9quilibre et en harmonie - Lebe Dein Leben %","isPartOf":{"@id":"https:\/\/vivre-la-vie.ch\/fr\/#website"},"primaryImageOfPage":{"@id":"https:\/\/vivre-la-vie.ch\/fr\/blog\/2024\/01\/09\/vivre-en-equilibre-et-en-harmonie\/#primaryimage"},"image":{"@id":"https:\/\/vivre-la-vie.ch\/fr\/blog\/2024\/01\/09\/vivre-en-equilibre-et-en-harmonie\/#primaryimage"},"thumbnailUrl":"https:\/\/vivre-la-vie.ch\/wp-content\/uploads\/2023\/05\/waterfall-91654_1280.jpg","datePublished":"2024-01-09T11:22:26+00:00","dateModified":"2024-01-30T15:31:57+00:00","description":"Vivre en \u00e9quilibre et en harmonie Lebe Dein Leben","breadcrumb":{"@id":"https:\/\/vivre-la-vie.ch\/fr\/blog\/2024\/01\/09\/vivre-en-equilibre-et-en-harmonie\/#breadcrumb"},"inLanguage":"fr-FR","potentialAction":[{"@type":"ReadAction","target":["https:\/\/vivre-la-vie.ch\/fr\/blog\/2024\/01\/09\/vivre-en-equilibre-et-en-harmonie\/"]}]},{"@type":"ImageObject","inLanguage":"fr-FR","@id":"https:\/\/vivre-la-vie.ch\/fr\/blog\/2024\/01\/09\/vivre-en-equilibre-et-en-harmonie\/#primaryimage","url":"https:\/\/vivre-la-vie.ch\/wp-content\/uploads\/2023\/05\/waterfall-91654_1280.jpg","contentUrl":"https:\/\/vivre-la-vie.ch\/wp-content\/uploads\/2023\/05\/waterfall-91654_1280.jpg","width":1044,"height":1280},{"@type":"BreadcrumbList","@id":"https:\/\/vivre-la-vie.ch\/fr\/blog\/2024\/01\/09\/vivre-en-equilibre-et-en-harmonie\/#breadcrumb","itemListElement":[{"@type":"ListItem","position":1,"name":"Startseite","item":"https:\/\/vivre-la-vie.ch\/fr\/"},{"@type":"ListItem","position":2,"name":"Vivre en \u00e9quilibre et en harmonie"}]},{"@type":"WebSite","@id":"https:\/\/vivre-la-vie.ch\/fr\/#website","url":"https:\/\/vivre-la-vie.ch\/fr\/","name":"Lebe Dein Leben","description":"","publisher":{"@id":"https:\/\/vivre-la-vie.ch\/fr\/#organization"},"potentialAction":[{"@type":"SearchAction","target":{"@type":"EntryPoint","urlTemplate":"https:\/\/vivre-la-vie.ch\/fr\/?s={search_term_string}"},"query-input":{"@type":"PropertyValueSpecification","valueRequired":true,"valueName":"search_term_string"}}],"inLanguage":"fr-FR"},{"@type":"Organization","@id":"https:\/\/vivre-la-vie.ch\/fr\/#organization","name":"Lebe Dein Leben","url":"https:\/\/vivre-la-vie.ch\/fr\/","logo":{"@type":"ImageObject","inLanguage":"fr-FR","@id":"https:\/\/vivre-la-vie.ch\/fr\/#\/schema\/logo\/image\/","url":"https:\/\/vivre-la-vie.ch\/wp-content\/uploads\/2023\/05\/LOGO_gefaerbt.png","contentUrl":"https:\/\/vivre-la-vie.ch\/wp-content\/uploads\/2023\/05\/LOGO_gefaerbt.png","width":2745,"height":738,"caption":"Lebe Dein Leben"},"image":{"@id":"https:\/\/vivre-la-vie.ch\/fr\/#\/schema\/logo\/image\/"}},{"@type":"Person","@id":"https:\/\/vivre-la-vie.ch\/fr\/#\/schema\/person\/ade62646af3304d6f5bb748b82015ca9","name":"waibelMEDIA IT e.U.","image":{"@type":"ImageObject","inLanguage":"fr-FR","@id":"https:\/\/secure.gravatar.com\/avatar\/4c28737e266eed84fe069c0e527e538b3b39204eca344155eeb1c8549e1138a3?s=96&d=mm&r=g","url":"https:\/\/secure.gravatar.com\/avatar\/4c28737e266eed84fe069c0e527e538b3b39204eca344155eeb1c8549e1138a3?s=96&d=mm&r=g","contentUrl":"https:\/\/secure.gravatar.com\/avatar\/4c28737e266eed84fe069c0e527e538b3b39204eca344155eeb1c8549e1138a3?s=96&d=mm&r=g","caption":"waibelMEDIA IT e.U."},"sameAs":["https:\/\/vivre-la-vie.ch"],"url":"https:\/\/vivre-la-vie.ch\/fr\/blog\/author\/eglirolf_38z3g0s1\/"}]}},"_links":{"self":[{"href":"https:\/\/vivre-la-vie.ch\/fr\/wp-json\/wp\/v2\/posts\/907","targetHints":{"allow":["GET"]}}],"collection":[{"href":"https:\/\/vivre-la-vie.ch\/fr\/wp-json\/wp\/v2\/posts"}],"about":[{"href":"https:\/\/vivre-la-vie.ch\/fr\/wp-json\/wp\/v2\/types\/post"}],"author":[{"embeddable":true,"href":"https:\/\/vivre-la-vie.ch\/fr\/wp-json\/wp\/v2\/users\/1"}],"replies":[{"embeddable":true,"href":"https:\/\/vivre-la-vie.ch\/fr\/wp-json\/wp\/v2\/comments?post=907"}],"version-history":[{"count":3,"href":"https:\/\/vivre-la-vie.ch\/fr\/wp-json\/wp\/v2\/posts\/907\/revisions"}],"predecessor-version":[{"id":1094,"href":"https:\/\/vivre-la-vie.ch\/fr\/wp-json\/wp\/v2\/posts\/907\/revisions\/1094"}],"wp:featuredmedia":[{"embeddable":true,"href":"https:\/\/vivre-la-vie.ch\/fr\/wp-json\/wp\/v2\/media\/241"}],"wp:attachment":[{"href":"https:\/\/vivre-la-vie.ch\/fr\/wp-json\/wp\/v2\/media?parent=907"}],"wp:term":[{"taxonomy":"category","embeddable":true,"href":"https:\/\/vivre-la-vie.ch\/fr\/wp-json\/wp\/v2\/categories?post=907"},{"taxonomy":"post_tag","embeddable":true,"href":"https:\/\/vivre-la-vie.ch\/fr\/wp-json\/wp\/v2\/tags?post=907"}],"curies":[{"name":"wp","href":"https:\/\/api.w.org\/{rel}","templated":true}]}}