{"id":918,"date":"2024-01-23T11:49:48","date_gmt":"2024-01-23T11:49:48","guid":{"rendered":"https:\/\/vivre-la-vie.ch\/?p=918"},"modified":"2024-01-30T14:27:09","modified_gmt":"2024-01-30T14:27:09","slug":"offres-en-cas-de-diagnostics-graves-ou-de-deces","status":"publish","type":"post","link":"https:\/\/vivre-la-vie.ch\/fr\/blog\/2024\/01\/23\/offres-en-cas-de-diagnostics-graves-ou-de-deces\/","title":{"rendered":"Offres en cas de diagnostics graves ou de d\u00e9c\u00e8s"},"content":{"rendered":"\n<p>Parfois, nous ressentons le besoin d&rsquo;une offre un peu diff\u00e9r\u00e9e et personnalis\u00e9e.<\/p>\n\n\n\n<p>En tant qu&rsquo;accompagnatrice pour des personnes en deuil ou en fin de vie, j&rsquo;ach\u00e8verai en 2024 une formation et une certification sp\u00e9cialis\u00e9es dans l&rsquo;accompagnement des personnes en fin de vie et dans la gestion du deuil.<\/p>\n\n\n\n<p>Les t\u00e2ches d&rsquo;une personne dipl\u00f4m\u00e9e en accompagnement de fin de vie et de deuil peuvent inclure le soutien \u00e9motionnel des personnes et de leurs familles ainsi que l&rsquo;organisation de rituels d&rsquo;adieu. Elles peuvent \u00e9galement offrir un soutien dans la recherche spirituelle et existentielle de sens et de signification dans la phase finale de la vie. La communication avec les mourants et les personnes en deuil, les aspects \u00e9thiques de l&rsquo;accompagnement en fin de vie et les soins personnels pour les accompagnants, en font \u00e9galement partie.<\/p>\n\n\n\n<p>Il y a des moments o\u00f9 l&rsquo;on a besoin du silence et de la dignit\u00e9 des animaux pour s&rsquo;orienter dans la vie. Dans mon cabinet, mais aussi \u00e0 l&rsquo;ext\u00e9rieur dans la nature, sur demande conjointement avec mes animaux, je propose un soutien aux personnes en fin de vie et \u00e0 leurs familles ainsi qu&rsquo;aux personnes qui ont v\u00e9cu une perte. Je me tiens \u00e0 votre disposition pour tout entretien personnel.<\/p>\n","protected":false},"excerpt":{"rendered":"<p>Parfois, nous ressentons le besoin d&rsquo;une offre un peu diff\u00e9r\u00e9e et personnalis\u00e9e. En tant qu&rsquo;accompagnatrice pour des personnes en deuil ou en fin de vie, j&rsquo;ach\u00e8verai en 2024 une formation et une certification sp\u00e9cialis\u00e9es dans l&rsquo;accompagnement des personnes en fin de vie et dans la gestion du deuil. Les t\u00e2ches d&rsquo;une personne dipl\u00f4m\u00e9e en accompagnement &hellip; <a href=\"https:\/\/vivre-la-vie.ch\/fr\/blog\/2024\/01\/23\/offres-en-cas-de-diagnostics-graves-ou-de-deces\/\" class=\"more-link\">continuer la lecture <span class=\"screen-reader-text\"> \u00ab\u00a0Offres en cas de diagnostics graves ou de d\u00e9c\u00e8s\u00a0\u00bb<\/span><\/a><\/p>\n","protected":false},"author":1,"featured_media":806,"comment_status":"closed","ping_status":"closed","sticky":false,"template":"","format":"standard","meta":{"footnotes":""},"categories":[82],"tags":[],"class_list":["post-918","post","type-post","status-publish","format-standard","has-post-thumbnail","hentry","category-francais"],"yoast_head":"<!-- This site is optimized with the Yoast SEO plugin v27.5 - https:\/\/yoast.com\/product\/yoast-seo-wordpress\/ -->\n<title>Offres en cas de diagnostics graves ou de d\u00e9c\u00e8s - Lebe Dein Leben %<\/title>\n<meta name=\"description\" content=\"Offres en cas de diagnostics graves ou de d\u00e9c\u00e8s Lebe Dein Leben\" \/>\n<meta name=\"robots\" content=\"index, follow, max-snippet:-1, max-image-preview:large, max-video-preview:-1\" \/>\n<link rel=\"canonical\" href=\"https:\/\/vivre-la-vie.ch\/fr\/blog\/2024\/01\/23\/offres-en-cas-de-diagnostics-graves-ou-de-deces\/\" \/>\n<meta property=\"og:locale\" content=\"fr_FR\" \/>\n<meta property=\"og:type\" content=\"article\" \/>\n<meta property=\"og:title\" content=\"Offres en cas de diagnostics graves ou de d\u00e9c\u00e8s - Lebe Dein Leben %\" \/>\n<meta property=\"og:description\" content=\"Offres en cas de diagnostics graves ou de d\u00e9c\u00e8s Lebe Dein Leben\" \/>\n<meta property=\"og:url\" content=\"https:\/\/vivre-la-vie.ch\/fr\/blog\/2024\/01\/23\/offres-en-cas-de-diagnostics-graves-ou-de-deces\/\" \/>\n<meta property=\"og:site_name\" content=\"Lebe Dein Leben\" \/>\n<meta property=\"article:published_time\" content=\"2024-01-23T11:49:48+00:00\" \/>\n<meta property=\"article:modified_time\" content=\"2024-01-30T14:27:09+00:00\" \/>\n<meta property=\"og:image\" content=\"https:\/\/vivre-la-vie.ch\/wp-content\/uploads\/2024\/01\/IMG-20240122-WA0005.jpg\" \/>\n\t<meta property=\"og:image:width\" content=\"768\" \/>\n\t<meta property=\"og:image:height\" content=\"1024\" \/>\n\t<meta property=\"og:image:type\" content=\"image\/jpeg\" \/>\n<meta name=\"author\" content=\"waibelMEDIA IT e.U.\" \/>\n<meta name=\"twitter:card\" content=\"summary_large_image\" \/>\n<meta name=\"twitter:label1\" content=\"\u00c9crit par\" \/>\n\t<meta name=\"twitter:data1\" content=\"waibelMEDIA IT e.U.\" \/>\n\t<meta name=\"twitter:label2\" content=\"Dur\u00e9e de lecture estim\u00e9e\" \/>\n\t<meta name=\"twitter:data2\" content=\"1 minute\" \/>\n<script type=\"application\/ld+json\" class=\"yoast-schema-graph\">{\"@context\":\"https:\\\/\\\/schema.org\",\"@graph\":[{\"@type\":\"Article\",\"@id\":\"https:\\\/\\\/vivre-la-vie.ch\\\/fr\\\/blog\\\/2024\\\/01\\\/23\\\/offres-en-cas-de-diagnostics-graves-ou-de-deces\\\/#article\",\"isPartOf\":{\"@id\":\"https:\\\/\\\/vivre-la-vie.ch\\\/fr\\\/blog\\\/2024\\\/01\\\/23\\\/offres-en-cas-de-diagnostics-graves-ou-de-deces\\\/\"},\"author\":{\"name\":\"waibelMEDIA IT e.U.\",\"@id\":\"https:\\\/\\\/vivre-la-vie.ch\\\/fr\\\/#\\\/schema\\\/person\\\/ade62646af3304d6f5bb748b82015ca9\"},\"headline\":\"Offres en cas de diagnostics graves ou de d\u00e9c\u00e8s\",\"datePublished\":\"2024-01-23T11:49:48+00:00\",\"dateModified\":\"2024-01-30T14:27:09+00:00\",\"mainEntityOfPage\":{\"@id\":\"https:\\\/\\\/vivre-la-vie.ch\\\/fr\\\/blog\\\/2024\\\/01\\\/23\\\/offres-en-cas-de-diagnostics-graves-ou-de-deces\\\/\"},\"wordCount\":233,\"publisher\":{\"@id\":\"https:\\\/\\\/vivre-la-vie.ch\\\/fr\\\/#organization\"},\"image\":{\"@id\":\"https:\\\/\\\/vivre-la-vie.ch\\\/fr\\\/blog\\\/2024\\\/01\\\/23\\\/offres-en-cas-de-diagnostics-graves-ou-de-deces\\\/#primaryimage\"},\"thumbnailUrl\":\"https:\\\/\\\/vivre-la-vie.ch\\\/wp-content\\\/uploads\\\/2024\\\/01\\\/IMG-20240122-WA0005.jpg\",\"articleSection\":[\"fran\u00e7ais\"],\"inLanguage\":\"fr-FR\"},{\"@type\":\"WebPage\",\"@id\":\"https:\\\/\\\/vivre-la-vie.ch\\\/fr\\\/blog\\\/2024\\\/01\\\/23\\\/offres-en-cas-de-diagnostics-graves-ou-de-deces\\\/\",\"url\":\"https:\\\/\\\/vivre-la-vie.ch\\\/fr\\\/blog\\\/2024\\\/01\\\/23\\\/offres-en-cas-de-diagnostics-graves-ou-de-deces\\\/\",\"name\":\"Offres en cas de diagnostics graves ou de d\u00e9c\u00e8s - Lebe Dein Leben %\",\"isPartOf\":{\"@id\":\"https:\\\/\\\/vivre-la-vie.ch\\\/fr\\\/#website\"},\"primaryImageOfPage\":{\"@id\":\"https:\\\/\\\/vivre-la-vie.ch\\\/fr\\\/blog\\\/2024\\\/01\\\/23\\\/offres-en-cas-de-diagnostics-graves-ou-de-deces\\\/#primaryimage\"},\"image\":{\"@id\":\"https:\\\/\\\/vivre-la-vie.ch\\\/fr\\\/blog\\\/2024\\\/01\\\/23\\\/offres-en-cas-de-diagnostics-graves-ou-de-deces\\\/#primaryimage\"},\"thumbnailUrl\":\"https:\\\/\\\/vivre-la-vie.ch\\\/wp-content\\\/uploads\\\/2024\\\/01\\\/IMG-20240122-WA0005.jpg\",\"datePublished\":\"2024-01-23T11:49:48+00:00\",\"dateModified\":\"2024-01-30T14:27:09+00:00\",\"description\":\"Offres en cas de diagnostics graves ou de d\u00e9c\u00e8s Lebe Dein Leben\",\"breadcrumb\":{\"@id\":\"https:\\\/\\\/vivre-la-vie.ch\\\/fr\\\/blog\\\/2024\\\/01\\\/23\\\/offres-en-cas-de-diagnostics-graves-ou-de-deces\\\/#breadcrumb\"},\"inLanguage\":\"fr-FR\",\"potentialAction\":[{\"@type\":\"ReadAction\",\"target\":[\"https:\\\/\\\/vivre-la-vie.ch\\\/fr\\\/blog\\\/2024\\\/01\\\/23\\\/offres-en-cas-de-diagnostics-graves-ou-de-deces\\\/\"]}]},{\"@type\":\"ImageObject\",\"inLanguage\":\"fr-FR\",\"@id\":\"https:\\\/\\\/vivre-la-vie.ch\\\/fr\\\/blog\\\/2024\\\/01\\\/23\\\/offres-en-cas-de-diagnostics-graves-ou-de-deces\\\/#primaryimage\",\"url\":\"https:\\\/\\\/vivre-la-vie.ch\\\/wp-content\\\/uploads\\\/2024\\\/01\\\/IMG-20240122-WA0005.jpg\",\"contentUrl\":\"https:\\\/\\\/vivre-la-vie.ch\\\/wp-content\\\/uploads\\\/2024\\\/01\\\/IMG-20240122-WA0005.jpg\",\"width\":768,\"height\":1024},{\"@type\":\"BreadcrumbList\",\"@id\":\"https:\\\/\\\/vivre-la-vie.ch\\\/fr\\\/blog\\\/2024\\\/01\\\/23\\\/offres-en-cas-de-diagnostics-graves-ou-de-deces\\\/#breadcrumb\",\"itemListElement\":[{\"@type\":\"ListItem\",\"position\":1,\"name\":\"Startseite\",\"item\":\"https:\\\/\\\/vivre-la-vie.ch\\\/fr\\\/\"},{\"@type\":\"ListItem\",\"position\":2,\"name\":\"Offres en cas de diagnostics graves ou de d\u00e9c\u00e8s\"}]},{\"@type\":\"WebSite\",\"@id\":\"https:\\\/\\\/vivre-la-vie.ch\\\/fr\\\/#website\",\"url\":\"https:\\\/\\\/vivre-la-vie.ch\\\/fr\\\/\",\"name\":\"Lebe Dein Leben\",\"description\":\"\",\"publisher\":{\"@id\":\"https:\\\/\\\/vivre-la-vie.ch\\\/fr\\\/#organization\"},\"potentialAction\":[{\"@type\":\"SearchAction\",\"target\":{\"@type\":\"EntryPoint\",\"urlTemplate\":\"https:\\\/\\\/vivre-la-vie.ch\\\/fr\\\/?s={search_term_string}\"},\"query-input\":{\"@type\":\"PropertyValueSpecification\",\"valueRequired\":true,\"valueName\":\"search_term_string\"}}],\"inLanguage\":\"fr-FR\"},{\"@type\":\"Organization\",\"@id\":\"https:\\\/\\\/vivre-la-vie.ch\\\/fr\\\/#organization\",\"name\":\"Lebe Dein Leben\",\"url\":\"https:\\\/\\\/vivre-la-vie.ch\\\/fr\\\/\",\"logo\":{\"@type\":\"ImageObject\",\"inLanguage\":\"fr-FR\",\"@id\":\"https:\\\/\\\/vivre-la-vie.ch\\\/fr\\\/#\\\/schema\\\/logo\\\/image\\\/\",\"url\":\"https:\\\/\\\/vivre-la-vie.ch\\\/wp-content\\\/uploads\\\/2023\\\/05\\\/LOGO_gefaerbt.png\",\"contentUrl\":\"https:\\\/\\\/vivre-la-vie.ch\\\/wp-content\\\/uploads\\\/2023\\\/05\\\/LOGO_gefaerbt.png\",\"width\":2745,\"height\":738,\"caption\":\"Lebe Dein Leben\"},\"image\":{\"@id\":\"https:\\\/\\\/vivre-la-vie.ch\\\/fr\\\/#\\\/schema\\\/logo\\\/image\\\/\"}},{\"@type\":\"Person\",\"@id\":\"https:\\\/\\\/vivre-la-vie.ch\\\/fr\\\/#\\\/schema\\\/person\\\/ade62646af3304d6f5bb748b82015ca9\",\"name\":\"waibelMEDIA IT e.U.\",\"image\":{\"@type\":\"ImageObject\",\"inLanguage\":\"fr-FR\",\"@id\":\"https:\\\/\\\/secure.gravatar.com\\\/avatar\\\/4c28737e266eed84fe069c0e527e538b3b39204eca344155eeb1c8549e1138a3?s=96&d=mm&r=g\",\"url\":\"https:\\\/\\\/secure.gravatar.com\\\/avatar\\\/4c28737e266eed84fe069c0e527e538b3b39204eca344155eeb1c8549e1138a3?s=96&d=mm&r=g\",\"contentUrl\":\"https:\\\/\\\/secure.gravatar.com\\\/avatar\\\/4c28737e266eed84fe069c0e527e538b3b39204eca344155eeb1c8549e1138a3?s=96&d=mm&r=g\",\"caption\":\"waibelMEDIA IT e.U.\"},\"sameAs\":[\"https:\\\/\\\/vivre-la-vie.ch\"],\"url\":\"https:\\\/\\\/vivre-la-vie.ch\\\/fr\\\/blog\\\/author\\\/eglirolf_38z3g0s1\\\/\"}]}<\/script>\n<!-- \/ Yoast SEO plugin. -->","yoast_head_json":{"title":"Offres en cas de diagnostics graves ou de d\u00e9c\u00e8s - Lebe Dein Leben %","description":"Offres en cas de diagnostics graves ou de d\u00e9c\u00e8s Lebe Dein Leben","robots":{"index":"index","follow":"follow","max-snippet":"max-snippet:-1","max-image-preview":"max-image-preview:large","max-video-preview":"max-video-preview:-1"},"canonical":"https:\/\/vivre-la-vie.ch\/fr\/blog\/2024\/01\/23\/offres-en-cas-de-diagnostics-graves-ou-de-deces\/","og_locale":"fr_FR","og_type":"article","og_title":"Offres en cas de diagnostics graves ou de d\u00e9c\u00e8s - Lebe Dein Leben %","og_description":"Offres en cas de diagnostics graves ou de d\u00e9c\u00e8s Lebe Dein Leben","og_url":"https:\/\/vivre-la-vie.ch\/fr\/blog\/2024\/01\/23\/offres-en-cas-de-diagnostics-graves-ou-de-deces\/","og_site_name":"Lebe Dein Leben","article_published_time":"2024-01-23T11:49:48+00:00","article_modified_time":"2024-01-30T14:27:09+00:00","og_image":[{"width":768,"height":1024,"url":"https:\/\/vivre-la-vie.ch\/wp-content\/uploads\/2024\/01\/IMG-20240122-WA0005.jpg","type":"image\/jpeg"}],"author":"waibelMEDIA IT e.U.","twitter_card":"summary_large_image","twitter_misc":{"\u00c9crit par":"waibelMEDIA IT e.U.","Dur\u00e9e de lecture estim\u00e9e":"1 minute"},"schema":{"@context":"https:\/\/schema.org","@graph":[{"@type":"Article","@id":"https:\/\/vivre-la-vie.ch\/fr\/blog\/2024\/01\/23\/offres-en-cas-de-diagnostics-graves-ou-de-deces\/#article","isPartOf":{"@id":"https:\/\/vivre-la-vie.ch\/fr\/blog\/2024\/01\/23\/offres-en-cas-de-diagnostics-graves-ou-de-deces\/"},"author":{"name":"waibelMEDIA IT e.U.","@id":"https:\/\/vivre-la-vie.ch\/fr\/#\/schema\/person\/ade62646af3304d6f5bb748b82015ca9"},"headline":"Offres en cas de diagnostics graves ou de d\u00e9c\u00e8s","datePublished":"2024-01-23T11:49:48+00:00","dateModified":"2024-01-30T14:27:09+00:00","mainEntityOfPage":{"@id":"https:\/\/vivre-la-vie.ch\/fr\/blog\/2024\/01\/23\/offres-en-cas-de-diagnostics-graves-ou-de-deces\/"},"wordCount":233,"publisher":{"@id":"https:\/\/vivre-la-vie.ch\/fr\/#organization"},"image":{"@id":"https:\/\/vivre-la-vie.ch\/fr\/blog\/2024\/01\/23\/offres-en-cas-de-diagnostics-graves-ou-de-deces\/#primaryimage"},"thumbnailUrl":"https:\/\/vivre-la-vie.ch\/wp-content\/uploads\/2024\/01\/IMG-20240122-WA0005.jpg","articleSection":["fran\u00e7ais"],"inLanguage":"fr-FR"},{"@type":"WebPage","@id":"https:\/\/vivre-la-vie.ch\/fr\/blog\/2024\/01\/23\/offres-en-cas-de-diagnostics-graves-ou-de-deces\/","url":"https:\/\/vivre-la-vie.ch\/fr\/blog\/2024\/01\/23\/offres-en-cas-de-diagnostics-graves-ou-de-deces\/","name":"Offres en cas de diagnostics graves ou de d\u00e9c\u00e8s - Lebe Dein Leben %","isPartOf":{"@id":"https:\/\/vivre-la-vie.ch\/fr\/#website"},"primaryImageOfPage":{"@id":"https:\/\/vivre-la-vie.ch\/fr\/blog\/2024\/01\/23\/offres-en-cas-de-diagnostics-graves-ou-de-deces\/#primaryimage"},"image":{"@id":"https:\/\/vivre-la-vie.ch\/fr\/blog\/2024\/01\/23\/offres-en-cas-de-diagnostics-graves-ou-de-deces\/#primaryimage"},"thumbnailUrl":"https:\/\/vivre-la-vie.ch\/wp-content\/uploads\/2024\/01\/IMG-20240122-WA0005.jpg","datePublished":"2024-01-23T11:49:48+00:00","dateModified":"2024-01-30T14:27:09+00:00","description":"Offres en cas de diagnostics graves ou de d\u00e9c\u00e8s Lebe Dein Leben","breadcrumb":{"@id":"https:\/\/vivre-la-vie.ch\/fr\/blog\/2024\/01\/23\/offres-en-cas-de-diagnostics-graves-ou-de-deces\/#breadcrumb"},"inLanguage":"fr-FR","potentialAction":[{"@type":"ReadAction","target":["https:\/\/vivre-la-vie.ch\/fr\/blog\/2024\/01\/23\/offres-en-cas-de-diagnostics-graves-ou-de-deces\/"]}]},{"@type":"ImageObject","inLanguage":"fr-FR","@id":"https:\/\/vivre-la-vie.ch\/fr\/blog\/2024\/01\/23\/offres-en-cas-de-diagnostics-graves-ou-de-deces\/#primaryimage","url":"https:\/\/vivre-la-vie.ch\/wp-content\/uploads\/2024\/01\/IMG-20240122-WA0005.jpg","contentUrl":"https:\/\/vivre-la-vie.ch\/wp-content\/uploads\/2024\/01\/IMG-20240122-WA0005.jpg","width":768,"height":1024},{"@type":"BreadcrumbList","@id":"https:\/\/vivre-la-vie.ch\/fr\/blog\/2024\/01\/23\/offres-en-cas-de-diagnostics-graves-ou-de-deces\/#breadcrumb","itemListElement":[{"@type":"ListItem","position":1,"name":"Startseite","item":"https:\/\/vivre-la-vie.ch\/fr\/"},{"@type":"ListItem","position":2,"name":"Offres en cas de diagnostics graves ou de d\u00e9c\u00e8s"}]},{"@type":"WebSite","@id":"https:\/\/vivre-la-vie.ch\/fr\/#website","url":"https:\/\/vivre-la-vie.ch\/fr\/","name":"Lebe Dein Leben","description":"","publisher":{"@id":"https:\/\/vivre-la-vie.ch\/fr\/#organization"},"potentialAction":[{"@type":"SearchAction","target":{"@type":"EntryPoint","urlTemplate":"https:\/\/vivre-la-vie.ch\/fr\/?s={search_term_string}"},"query-input":{"@type":"PropertyValueSpecification","valueRequired":true,"valueName":"search_term_string"}}],"inLanguage":"fr-FR"},{"@type":"Organization","@id":"https:\/\/vivre-la-vie.ch\/fr\/#organization","name":"Lebe Dein Leben","url":"https:\/\/vivre-la-vie.ch\/fr\/","logo":{"@type":"ImageObject","inLanguage":"fr-FR","@id":"https:\/\/vivre-la-vie.ch\/fr\/#\/schema\/logo\/image\/","url":"https:\/\/vivre-la-vie.ch\/wp-content\/uploads\/2023\/05\/LOGO_gefaerbt.png","contentUrl":"https:\/\/vivre-la-vie.ch\/wp-content\/uploads\/2023\/05\/LOGO_gefaerbt.png","width":2745,"height":738,"caption":"Lebe Dein Leben"},"image":{"@id":"https:\/\/vivre-la-vie.ch\/fr\/#\/schema\/logo\/image\/"}},{"@type":"Person","@id":"https:\/\/vivre-la-vie.ch\/fr\/#\/schema\/person\/ade62646af3304d6f5bb748b82015ca9","name":"waibelMEDIA IT e.U.","image":{"@type":"ImageObject","inLanguage":"fr-FR","@id":"https:\/\/secure.gravatar.com\/avatar\/4c28737e266eed84fe069c0e527e538b3b39204eca344155eeb1c8549e1138a3?s=96&d=mm&r=g","url":"https:\/\/secure.gravatar.com\/avatar\/4c28737e266eed84fe069c0e527e538b3b39204eca344155eeb1c8549e1138a3?s=96&d=mm&r=g","contentUrl":"https:\/\/secure.gravatar.com\/avatar\/4c28737e266eed84fe069c0e527e538b3b39204eca344155eeb1c8549e1138a3?s=96&d=mm&r=g","caption":"waibelMEDIA IT e.U."},"sameAs":["https:\/\/vivre-la-vie.ch"],"url":"https:\/\/vivre-la-vie.ch\/fr\/blog\/author\/eglirolf_38z3g0s1\/"}]}},"_links":{"self":[{"href":"https:\/\/vivre-la-vie.ch\/fr\/wp-json\/wp\/v2\/posts\/918","targetHints":{"allow":["GET"]}}],"collection":[{"href":"https:\/\/vivre-la-vie.ch\/fr\/wp-json\/wp\/v2\/posts"}],"about":[{"href":"https:\/\/vivre-la-vie.ch\/fr\/wp-json\/wp\/v2\/types\/post"}],"author":[{"embeddable":true,"href":"https:\/\/vivre-la-vie.ch\/fr\/wp-json\/wp\/v2\/users\/1"}],"replies":[{"embeddable":true,"href":"https:\/\/vivre-la-vie.ch\/fr\/wp-json\/wp\/v2\/comments?post=918"}],"version-history":[{"count":3,"href":"https:\/\/vivre-la-vie.ch\/fr\/wp-json\/wp\/v2\/posts\/918\/revisions"}],"predecessor-version":[{"id":1082,"href":"https:\/\/vivre-la-vie.ch\/fr\/wp-json\/wp\/v2\/posts\/918\/revisions\/1082"}],"wp:featuredmedia":[{"embeddable":true,"href":"https:\/\/vivre-la-vie.ch\/fr\/wp-json\/wp\/v2\/media\/806"}],"wp:attachment":[{"href":"https:\/\/vivre-la-vie.ch\/fr\/wp-json\/wp\/v2\/media?parent=918"}],"wp:term":[{"taxonomy":"category","embeddable":true,"href":"https:\/\/vivre-la-vie.ch\/fr\/wp-json\/wp\/v2\/categories?post=918"},{"taxonomy":"post_tag","embeddable":true,"href":"https:\/\/vivre-la-vie.ch\/fr\/wp-json\/wp\/v2\/tags?post=918"}],"curies":[{"name":"wp","href":"https:\/\/api.w.org\/{rel}","templated":true}]}}