{"id":922,"date":"2024-01-23T11:51:20","date_gmt":"2024-01-23T11:51:20","guid":{"rendered":"https:\/\/vivre-la-vie.ch\/?p=922"},"modified":"2024-01-30T14:07:46","modified_gmt":"2024-01-30T14:07:46","slug":"les-animaux-merveilleux-compagnons-de-la-nature","status":"publish","type":"post","link":"https:\/\/vivre-la-vie.ch\/fr\/blog\/2024\/01\/23\/les-animaux-merveilleux-compagnons-de-la-nature\/","title":{"rendered":"Les animaux, nos merveilleux compagnons"},"content":{"rendered":"\n<p>Sur demande je propose aux groupes ou aux personnes individuelles qui le souhaitent, des randonn\u00e9es \u00e0 pieds d&rsquo;une demi-journ\u00e9e ou d&rsquo;une journ\u00e9e enti\u00e8re avec nos chevaux ou\/et nos chiens. Ces journ\u00e9es nous permettent de nous aventurer dans la nature de la magnifique Ajoie. Le soir, si on le d\u00e9sire, il est possible d&rsquo;admirer les \u00e9toiles autour d&rsquo;un feu de camp et de savourer un bon d\u00eener. Pour vos propres chevaux, il est possible qu&rsquo;ils soient log\u00e9s dans des boxes \u00e0 Damvant (\u00e0 5 minutes de Rocourt), l\u00e0 o\u00f9 se trouvent nos chevaux. Les personnes qui se remettent en selle et qui ne sont plus mont\u00e9es depuis un certain temps, sont \u00e9galement les bienvenues &#8211; les balades peuvent \u00eatre r\u00e9serv\u00e9es au calme et au pas. Sur requ\u00eate, il est possible de prendre des le\u00e7ons d&rsquo;\u00e9quitation aupr\u00e8s de la famille Chantal &amp; Guy Juillard-Pape (www.fm-chevaux-juillard.ch).<\/p>\n\n\n\n<p><strong>Les chevaux ne symbolisent pas seulement la force, mais aussi la libert\u00e9 et l&rsquo;ind\u00e9pendance.<\/strong><\/p>\n","protected":false},"excerpt":{"rendered":"<p>Sur demande je propose aux groupes ou aux personnes individuelles qui le souhaitent, des randonn\u00e9es \u00e0 pieds d&rsquo;une demi-journ\u00e9e ou d&rsquo;une journ\u00e9e enti\u00e8re avec nos chevaux ou\/et nos chiens. Ces journ\u00e9es nous permettent de nous aventurer dans la nature de la magnifique Ajoie. Le soir, si on le d\u00e9sire, il est possible d&rsquo;admirer les \u00e9toiles &hellip; <a href=\"https:\/\/vivre-la-vie.ch\/fr\/blog\/2024\/01\/23\/les-animaux-merveilleux-compagnons-de-la-nature\/\" class=\"more-link\">continuer la lecture <span class=\"screen-reader-text\"> \u00ab\u00a0Les animaux, nos merveilleux compagnons\u00a0\u00bb<\/span><\/a><\/p>\n","protected":false},"author":1,"featured_media":843,"comment_status":"closed","ping_status":"closed","sticky":false,"template":"","format":"standard","meta":{"footnotes":""},"categories":[82],"tags":[],"class_list":["post-922","post","type-post","status-publish","format-standard","has-post-thumbnail","hentry","category-francais"],"yoast_head":"<!-- This site is optimized with the Yoast SEO plugin v27.5 - https:\/\/yoast.com\/product\/yoast-seo-wordpress\/ -->\n<title>Les animaux, nos merveilleux compagnons - Lebe Dein Leben %<\/title>\n<meta name=\"description\" content=\"Les animaux, nos merveilleux compagnons Lebe Dein Leben\" \/>\n<meta name=\"robots\" content=\"index, follow, max-snippet:-1, max-image-preview:large, max-video-preview:-1\" \/>\n<link rel=\"canonical\" href=\"https:\/\/vivre-la-vie.ch\/fr\/blog\/2024\/01\/23\/les-animaux-merveilleux-compagnons-de-la-nature\/\" \/>\n<meta property=\"og:locale\" content=\"fr_FR\" \/>\n<meta property=\"og:type\" content=\"article\" \/>\n<meta property=\"og:title\" content=\"Les animaux, nos merveilleux compagnons - Lebe Dein Leben %\" \/>\n<meta property=\"og:description\" content=\"Les animaux, nos merveilleux compagnons Lebe Dein Leben\" \/>\n<meta property=\"og:url\" content=\"https:\/\/vivre-la-vie.ch\/fr\/blog\/2024\/01\/23\/les-animaux-merveilleux-compagnons-de-la-nature\/\" \/>\n<meta property=\"og:site_name\" content=\"Lebe Dein Leben\" \/>\n<meta property=\"article:published_time\" content=\"2024-01-23T11:51:20+00:00\" \/>\n<meta property=\"article:modified_time\" content=\"2024-01-30T14:07:46+00:00\" \/>\n<meta property=\"og:image\" content=\"https:\/\/vivre-la-vie.ch\/wp-content\/uploads\/2024\/01\/IMG-20240122-WA0023.jpg\" \/>\n\t<meta property=\"og:image:width\" content=\"1024\" \/>\n\t<meta property=\"og:image:height\" content=\"702\" \/>\n\t<meta property=\"og:image:type\" content=\"image\/jpeg\" \/>\n<meta name=\"author\" content=\"waibelMEDIA IT e.U.\" \/>\n<meta name=\"twitter:card\" content=\"summary_large_image\" \/>\n<meta name=\"twitter:label1\" content=\"\u00c9crit par\" \/>\n\t<meta name=\"twitter:data1\" content=\"waibelMEDIA IT e.U.\" \/>\n\t<meta name=\"twitter:label2\" content=\"Dur\u00e9e de lecture estim\u00e9e\" \/>\n\t<meta name=\"twitter:data2\" content=\"1 minute\" \/>\n<script type=\"application\/ld+json\" class=\"yoast-schema-graph\">{\"@context\":\"https:\\\/\\\/schema.org\",\"@graph\":[{\"@type\":\"Article\",\"@id\":\"https:\\\/\\\/vivre-la-vie.ch\\\/fr\\\/blog\\\/2024\\\/01\\\/23\\\/les-animaux-merveilleux-compagnons-de-la-nature\\\/#article\",\"isPartOf\":{\"@id\":\"https:\\\/\\\/vivre-la-vie.ch\\\/fr\\\/blog\\\/2024\\\/01\\\/23\\\/les-animaux-merveilleux-compagnons-de-la-nature\\\/\"},\"author\":{\"name\":\"waibelMEDIA IT e.U.\",\"@id\":\"https:\\\/\\\/vivre-la-vie.ch\\\/fr\\\/#\\\/schema\\\/person\\\/ade62646af3304d6f5bb748b82015ca9\"},\"headline\":\"Les animaux, nos merveilleux compagnons\",\"datePublished\":\"2024-01-23T11:51:20+00:00\",\"dateModified\":\"2024-01-30T14:07:46+00:00\",\"mainEntityOfPage\":{\"@id\":\"https:\\\/\\\/vivre-la-vie.ch\\\/fr\\\/blog\\\/2024\\\/01\\\/23\\\/les-animaux-merveilleux-compagnons-de-la-nature\\\/\"},\"wordCount\":183,\"publisher\":{\"@id\":\"https:\\\/\\\/vivre-la-vie.ch\\\/fr\\\/#organization\"},\"image\":{\"@id\":\"https:\\\/\\\/vivre-la-vie.ch\\\/fr\\\/blog\\\/2024\\\/01\\\/23\\\/les-animaux-merveilleux-compagnons-de-la-nature\\\/#primaryimage\"},\"thumbnailUrl\":\"https:\\\/\\\/vivre-la-vie.ch\\\/wp-content\\\/uploads\\\/2024\\\/01\\\/IMG-20240122-WA0023.jpg\",\"articleSection\":[\"fran\u00e7ais\"],\"inLanguage\":\"fr-FR\"},{\"@type\":\"WebPage\",\"@id\":\"https:\\\/\\\/vivre-la-vie.ch\\\/fr\\\/blog\\\/2024\\\/01\\\/23\\\/les-animaux-merveilleux-compagnons-de-la-nature\\\/\",\"url\":\"https:\\\/\\\/vivre-la-vie.ch\\\/fr\\\/blog\\\/2024\\\/01\\\/23\\\/les-animaux-merveilleux-compagnons-de-la-nature\\\/\",\"name\":\"Les animaux, nos merveilleux compagnons - Lebe Dein Leben %\",\"isPartOf\":{\"@id\":\"https:\\\/\\\/vivre-la-vie.ch\\\/fr\\\/#website\"},\"primaryImageOfPage\":{\"@id\":\"https:\\\/\\\/vivre-la-vie.ch\\\/fr\\\/blog\\\/2024\\\/01\\\/23\\\/les-animaux-merveilleux-compagnons-de-la-nature\\\/#primaryimage\"},\"image\":{\"@id\":\"https:\\\/\\\/vivre-la-vie.ch\\\/fr\\\/blog\\\/2024\\\/01\\\/23\\\/les-animaux-merveilleux-compagnons-de-la-nature\\\/#primaryimage\"},\"thumbnailUrl\":\"https:\\\/\\\/vivre-la-vie.ch\\\/wp-content\\\/uploads\\\/2024\\\/01\\\/IMG-20240122-WA0023.jpg\",\"datePublished\":\"2024-01-23T11:51:20+00:00\",\"dateModified\":\"2024-01-30T14:07:46+00:00\",\"description\":\"Les animaux, nos merveilleux compagnons Lebe Dein Leben\",\"breadcrumb\":{\"@id\":\"https:\\\/\\\/vivre-la-vie.ch\\\/fr\\\/blog\\\/2024\\\/01\\\/23\\\/les-animaux-merveilleux-compagnons-de-la-nature\\\/#breadcrumb\"},\"inLanguage\":\"fr-FR\",\"potentialAction\":[{\"@type\":\"ReadAction\",\"target\":[\"https:\\\/\\\/vivre-la-vie.ch\\\/fr\\\/blog\\\/2024\\\/01\\\/23\\\/les-animaux-merveilleux-compagnons-de-la-nature\\\/\"]}]},{\"@type\":\"ImageObject\",\"inLanguage\":\"fr-FR\",\"@id\":\"https:\\\/\\\/vivre-la-vie.ch\\\/fr\\\/blog\\\/2024\\\/01\\\/23\\\/les-animaux-merveilleux-compagnons-de-la-nature\\\/#primaryimage\",\"url\":\"https:\\\/\\\/vivre-la-vie.ch\\\/wp-content\\\/uploads\\\/2024\\\/01\\\/IMG-20240122-WA0023.jpg\",\"contentUrl\":\"https:\\\/\\\/vivre-la-vie.ch\\\/wp-content\\\/uploads\\\/2024\\\/01\\\/IMG-20240122-WA0023.jpg\",\"width\":1024,\"height\":702},{\"@type\":\"BreadcrumbList\",\"@id\":\"https:\\\/\\\/vivre-la-vie.ch\\\/fr\\\/blog\\\/2024\\\/01\\\/23\\\/les-animaux-merveilleux-compagnons-de-la-nature\\\/#breadcrumb\",\"itemListElement\":[{\"@type\":\"ListItem\",\"position\":1,\"name\":\"Startseite\",\"item\":\"https:\\\/\\\/vivre-la-vie.ch\\\/fr\\\/\"},{\"@type\":\"ListItem\",\"position\":2,\"name\":\"Les animaux, nos merveilleux compagnons\"}]},{\"@type\":\"WebSite\",\"@id\":\"https:\\\/\\\/vivre-la-vie.ch\\\/fr\\\/#website\",\"url\":\"https:\\\/\\\/vivre-la-vie.ch\\\/fr\\\/\",\"name\":\"Lebe Dein Leben\",\"description\":\"\",\"publisher\":{\"@id\":\"https:\\\/\\\/vivre-la-vie.ch\\\/fr\\\/#organization\"},\"potentialAction\":[{\"@type\":\"SearchAction\",\"target\":{\"@type\":\"EntryPoint\",\"urlTemplate\":\"https:\\\/\\\/vivre-la-vie.ch\\\/fr\\\/?s={search_term_string}\"},\"query-input\":{\"@type\":\"PropertyValueSpecification\",\"valueRequired\":true,\"valueName\":\"search_term_string\"}}],\"inLanguage\":\"fr-FR\"},{\"@type\":\"Organization\",\"@id\":\"https:\\\/\\\/vivre-la-vie.ch\\\/fr\\\/#organization\",\"name\":\"Lebe Dein Leben\",\"url\":\"https:\\\/\\\/vivre-la-vie.ch\\\/fr\\\/\",\"logo\":{\"@type\":\"ImageObject\",\"inLanguage\":\"fr-FR\",\"@id\":\"https:\\\/\\\/vivre-la-vie.ch\\\/fr\\\/#\\\/schema\\\/logo\\\/image\\\/\",\"url\":\"https:\\\/\\\/vivre-la-vie.ch\\\/wp-content\\\/uploads\\\/2023\\\/05\\\/LOGO_gefaerbt.png\",\"contentUrl\":\"https:\\\/\\\/vivre-la-vie.ch\\\/wp-content\\\/uploads\\\/2023\\\/05\\\/LOGO_gefaerbt.png\",\"width\":2745,\"height\":738,\"caption\":\"Lebe Dein Leben\"},\"image\":{\"@id\":\"https:\\\/\\\/vivre-la-vie.ch\\\/fr\\\/#\\\/schema\\\/logo\\\/image\\\/\"}},{\"@type\":\"Person\",\"@id\":\"https:\\\/\\\/vivre-la-vie.ch\\\/fr\\\/#\\\/schema\\\/person\\\/ade62646af3304d6f5bb748b82015ca9\",\"name\":\"waibelMEDIA IT e.U.\",\"image\":{\"@type\":\"ImageObject\",\"inLanguage\":\"fr-FR\",\"@id\":\"https:\\\/\\\/secure.gravatar.com\\\/avatar\\\/4c28737e266eed84fe069c0e527e538b3b39204eca344155eeb1c8549e1138a3?s=96&d=mm&r=g\",\"url\":\"https:\\\/\\\/secure.gravatar.com\\\/avatar\\\/4c28737e266eed84fe069c0e527e538b3b39204eca344155eeb1c8549e1138a3?s=96&d=mm&r=g\",\"contentUrl\":\"https:\\\/\\\/secure.gravatar.com\\\/avatar\\\/4c28737e266eed84fe069c0e527e538b3b39204eca344155eeb1c8549e1138a3?s=96&d=mm&r=g\",\"caption\":\"waibelMEDIA IT e.U.\"},\"sameAs\":[\"https:\\\/\\\/vivre-la-vie.ch\"],\"url\":\"https:\\\/\\\/vivre-la-vie.ch\\\/fr\\\/blog\\\/author\\\/eglirolf_38z3g0s1\\\/\"}]}<\/script>\n<!-- \/ Yoast SEO plugin. -->","yoast_head_json":{"title":"Les animaux, nos merveilleux compagnons - Lebe Dein Leben %","description":"Les animaux, nos merveilleux compagnons Lebe Dein Leben","robots":{"index":"index","follow":"follow","max-snippet":"max-snippet:-1","max-image-preview":"max-image-preview:large","max-video-preview":"max-video-preview:-1"},"canonical":"https:\/\/vivre-la-vie.ch\/fr\/blog\/2024\/01\/23\/les-animaux-merveilleux-compagnons-de-la-nature\/","og_locale":"fr_FR","og_type":"article","og_title":"Les animaux, nos merveilleux compagnons - Lebe Dein Leben %","og_description":"Les animaux, nos merveilleux compagnons Lebe Dein Leben","og_url":"https:\/\/vivre-la-vie.ch\/fr\/blog\/2024\/01\/23\/les-animaux-merveilleux-compagnons-de-la-nature\/","og_site_name":"Lebe Dein Leben","article_published_time":"2024-01-23T11:51:20+00:00","article_modified_time":"2024-01-30T14:07:46+00:00","og_image":[{"width":1024,"height":702,"url":"https:\/\/vivre-la-vie.ch\/wp-content\/uploads\/2024\/01\/IMG-20240122-WA0023.jpg","type":"image\/jpeg"}],"author":"waibelMEDIA IT e.U.","twitter_card":"summary_large_image","twitter_misc":{"\u00c9crit par":"waibelMEDIA IT e.U.","Dur\u00e9e de lecture estim\u00e9e":"1 minute"},"schema":{"@context":"https:\/\/schema.org","@graph":[{"@type":"Article","@id":"https:\/\/vivre-la-vie.ch\/fr\/blog\/2024\/01\/23\/les-animaux-merveilleux-compagnons-de-la-nature\/#article","isPartOf":{"@id":"https:\/\/vivre-la-vie.ch\/fr\/blog\/2024\/01\/23\/les-animaux-merveilleux-compagnons-de-la-nature\/"},"author":{"name":"waibelMEDIA IT e.U.","@id":"https:\/\/vivre-la-vie.ch\/fr\/#\/schema\/person\/ade62646af3304d6f5bb748b82015ca9"},"headline":"Les animaux, nos merveilleux compagnons","datePublished":"2024-01-23T11:51:20+00:00","dateModified":"2024-01-30T14:07:46+00:00","mainEntityOfPage":{"@id":"https:\/\/vivre-la-vie.ch\/fr\/blog\/2024\/01\/23\/les-animaux-merveilleux-compagnons-de-la-nature\/"},"wordCount":183,"publisher":{"@id":"https:\/\/vivre-la-vie.ch\/fr\/#organization"},"image":{"@id":"https:\/\/vivre-la-vie.ch\/fr\/blog\/2024\/01\/23\/les-animaux-merveilleux-compagnons-de-la-nature\/#primaryimage"},"thumbnailUrl":"https:\/\/vivre-la-vie.ch\/wp-content\/uploads\/2024\/01\/IMG-20240122-WA0023.jpg","articleSection":["fran\u00e7ais"],"inLanguage":"fr-FR"},{"@type":"WebPage","@id":"https:\/\/vivre-la-vie.ch\/fr\/blog\/2024\/01\/23\/les-animaux-merveilleux-compagnons-de-la-nature\/","url":"https:\/\/vivre-la-vie.ch\/fr\/blog\/2024\/01\/23\/les-animaux-merveilleux-compagnons-de-la-nature\/","name":"Les animaux, nos merveilleux compagnons - Lebe Dein Leben %","isPartOf":{"@id":"https:\/\/vivre-la-vie.ch\/fr\/#website"},"primaryImageOfPage":{"@id":"https:\/\/vivre-la-vie.ch\/fr\/blog\/2024\/01\/23\/les-animaux-merveilleux-compagnons-de-la-nature\/#primaryimage"},"image":{"@id":"https:\/\/vivre-la-vie.ch\/fr\/blog\/2024\/01\/23\/les-animaux-merveilleux-compagnons-de-la-nature\/#primaryimage"},"thumbnailUrl":"https:\/\/vivre-la-vie.ch\/wp-content\/uploads\/2024\/01\/IMG-20240122-WA0023.jpg","datePublished":"2024-01-23T11:51:20+00:00","dateModified":"2024-01-30T14:07:46+00:00","description":"Les animaux, nos merveilleux compagnons Lebe Dein Leben","breadcrumb":{"@id":"https:\/\/vivre-la-vie.ch\/fr\/blog\/2024\/01\/23\/les-animaux-merveilleux-compagnons-de-la-nature\/#breadcrumb"},"inLanguage":"fr-FR","potentialAction":[{"@type":"ReadAction","target":["https:\/\/vivre-la-vie.ch\/fr\/blog\/2024\/01\/23\/les-animaux-merveilleux-compagnons-de-la-nature\/"]}]},{"@type":"ImageObject","inLanguage":"fr-FR","@id":"https:\/\/vivre-la-vie.ch\/fr\/blog\/2024\/01\/23\/les-animaux-merveilleux-compagnons-de-la-nature\/#primaryimage","url":"https:\/\/vivre-la-vie.ch\/wp-content\/uploads\/2024\/01\/IMG-20240122-WA0023.jpg","contentUrl":"https:\/\/vivre-la-vie.ch\/wp-content\/uploads\/2024\/01\/IMG-20240122-WA0023.jpg","width":1024,"height":702},{"@type":"BreadcrumbList","@id":"https:\/\/vivre-la-vie.ch\/fr\/blog\/2024\/01\/23\/les-animaux-merveilleux-compagnons-de-la-nature\/#breadcrumb","itemListElement":[{"@type":"ListItem","position":1,"name":"Startseite","item":"https:\/\/vivre-la-vie.ch\/fr\/"},{"@type":"ListItem","position":2,"name":"Les animaux, nos merveilleux compagnons"}]},{"@type":"WebSite","@id":"https:\/\/vivre-la-vie.ch\/fr\/#website","url":"https:\/\/vivre-la-vie.ch\/fr\/","name":"Lebe Dein Leben","description":"","publisher":{"@id":"https:\/\/vivre-la-vie.ch\/fr\/#organization"},"potentialAction":[{"@type":"SearchAction","target":{"@type":"EntryPoint","urlTemplate":"https:\/\/vivre-la-vie.ch\/fr\/?s={search_term_string}"},"query-input":{"@type":"PropertyValueSpecification","valueRequired":true,"valueName":"search_term_string"}}],"inLanguage":"fr-FR"},{"@type":"Organization","@id":"https:\/\/vivre-la-vie.ch\/fr\/#organization","name":"Lebe Dein Leben","url":"https:\/\/vivre-la-vie.ch\/fr\/","logo":{"@type":"ImageObject","inLanguage":"fr-FR","@id":"https:\/\/vivre-la-vie.ch\/fr\/#\/schema\/logo\/image\/","url":"https:\/\/vivre-la-vie.ch\/wp-content\/uploads\/2023\/05\/LOGO_gefaerbt.png","contentUrl":"https:\/\/vivre-la-vie.ch\/wp-content\/uploads\/2023\/05\/LOGO_gefaerbt.png","width":2745,"height":738,"caption":"Lebe Dein Leben"},"image":{"@id":"https:\/\/vivre-la-vie.ch\/fr\/#\/schema\/logo\/image\/"}},{"@type":"Person","@id":"https:\/\/vivre-la-vie.ch\/fr\/#\/schema\/person\/ade62646af3304d6f5bb748b82015ca9","name":"waibelMEDIA IT e.U.","image":{"@type":"ImageObject","inLanguage":"fr-FR","@id":"https:\/\/secure.gravatar.com\/avatar\/4c28737e266eed84fe069c0e527e538b3b39204eca344155eeb1c8549e1138a3?s=96&d=mm&r=g","url":"https:\/\/secure.gravatar.com\/avatar\/4c28737e266eed84fe069c0e527e538b3b39204eca344155eeb1c8549e1138a3?s=96&d=mm&r=g","contentUrl":"https:\/\/secure.gravatar.com\/avatar\/4c28737e266eed84fe069c0e527e538b3b39204eca344155eeb1c8549e1138a3?s=96&d=mm&r=g","caption":"waibelMEDIA IT e.U."},"sameAs":["https:\/\/vivre-la-vie.ch"],"url":"https:\/\/vivre-la-vie.ch\/fr\/blog\/author\/eglirolf_38z3g0s1\/"}]}},"_links":{"self":[{"href":"https:\/\/vivre-la-vie.ch\/fr\/wp-json\/wp\/v2\/posts\/922","targetHints":{"allow":["GET"]}}],"collection":[{"href":"https:\/\/vivre-la-vie.ch\/fr\/wp-json\/wp\/v2\/posts"}],"about":[{"href":"https:\/\/vivre-la-vie.ch\/fr\/wp-json\/wp\/v2\/types\/post"}],"author":[{"embeddable":true,"href":"https:\/\/vivre-la-vie.ch\/fr\/wp-json\/wp\/v2\/users\/1"}],"replies":[{"embeddable":true,"href":"https:\/\/vivre-la-vie.ch\/fr\/wp-json\/wp\/v2\/comments?post=922"}],"version-history":[{"count":4,"href":"https:\/\/vivre-la-vie.ch\/fr\/wp-json\/wp\/v2\/posts\/922\/revisions"}],"predecessor-version":[{"id":1077,"href":"https:\/\/vivre-la-vie.ch\/fr\/wp-json\/wp\/v2\/posts\/922\/revisions\/1077"}],"wp:featuredmedia":[{"embeddable":true,"href":"https:\/\/vivre-la-vie.ch\/fr\/wp-json\/wp\/v2\/media\/843"}],"wp:attachment":[{"href":"https:\/\/vivre-la-vie.ch\/fr\/wp-json\/wp\/v2\/media?parent=922"}],"wp:term":[{"taxonomy":"category","embeddable":true,"href":"https:\/\/vivre-la-vie.ch\/fr\/wp-json\/wp\/v2\/categories?post=922"},{"taxonomy":"post_tag","embeddable":true,"href":"https:\/\/vivre-la-vie.ch\/fr\/wp-json\/wp\/v2\/tags?post=922"}],"curies":[{"name":"wp","href":"https:\/\/api.w.org\/{rel}","templated":true}]}}